{"id":6883,"date":"2020-02-05T17:16:37","date_gmt":"2020-02-05T15:16:37","guid":{"rendered":"http:\/\/www.travellermagazin.ro\/arhiva\/?p=6883"},"modified":"2020-02-19T01:35:37","modified_gmt":"2020-02-18T23:35:37","slug":"suna-adunarea-la-targul-de-turism-al-romaniei","status":"publish","type":"post","link":"http:\/\/www.travellermagazin.ro\/arhiva\/2020\/02\/05\/suna-adunarea-la-targul-de-turism-al-romaniei\/","title":{"rendered":"Suna adunarea la Targul de Turism al Romaniei"},"content":{"rendered":"<a  href='http:\/\/www.travellermagazin.ro\/arhiva\/wp-admin\/options-general.php?page=post_views' class='entry-meta' style='text-align:center'><b>Post Views<\/a><\/b> = 669<br\/><p align=\"LEFT\">Este timpul s\u0103 te g\u00e2nde\u0219ti la vacan\u021be de vis pentru anul 2020. A r\u0103mas mai pu\u021bin de o lun\u0103 p\u00e2n\u0103 la debutul edi\u021biei de prim\u0103var\u0103 a TTR. Ea se va desf\u0103\u0219ura \u00eentre 20 \u0219i 23 februarie \u00een Pavilionul B2 al Centrului Expozi\u021bional ROMEXPO.<\/p>\n<p align=\"LEFT\"><a href=\"http:\/\/www.travellermagazin.ro\/arhiva\/wp-content\/uploads\/2020\/01\/TTR-2020.jpg\"><img loading=\"lazy\" decoding=\"async\" class=\"alignnone size-full wp-image-6884\" src=\"http:\/\/www.travellermagazin.ro\/arhiva\/wp-content\/uploads\/2020\/01\/TTR-2020.jpg\" alt=\"\" width=\"800\" height=\"532\" srcset=\"http:\/\/www.travellermagazin.ro\/arhiva\/wp-content\/uploads\/2020\/01\/TTR-2020.jpg 800w, http:\/\/www.travellermagazin.ro\/arhiva\/wp-content\/uploads\/2020\/01\/TTR-2020-300x200.jpg 300w, http:\/\/www.travellermagazin.ro\/arhiva\/wp-content\/uploads\/2020\/01\/TTR-2020-768x511.jpg 768w\" sizes=\"auto, (max-width: 800px) 100vw, 800px\" \/><\/a><\/p>\n<p align=\"LEFT\">\u00ce\u021bi dore\u0219ti o c\u0103l\u0103torie \u00een locuri inedite al\u0103turi de cei mai buni prieteni? Visezi la o vacan\u021b\u0103 romantic\u0103 pe plaje \u00eendep\u0103rtate \u0219i exotice? Vrei s\u0103 te relaxezi \u00eempreun\u0103 cu cei dragi pe litoral \u00eentr-un sejur all-inclusive? E\u0219ti gata s\u0103 \u00ee\u021bi for\u021bezi limitele \u00een c\u0103l\u0103torii de aventur\u0103 sau \u00ee\u021bi dore\u0219ti pur \u0219i simplu o vacan\u021b\u0103 la SPA? Cei peste 120 de expozan\u021bi \u00eenscri\u0219i deja \u021bi-au preg\u0103tit cele mai bune oferte. Printre expozan\u021bii tradi\u021bionali ai manifest\u0103rii se num\u0103r\u0103 agen\u021bii de turism, tour-operatori, zonele turistice din Rom\u00e2nia etc. Asigur\u0103-te c\u0103 evenimentul nu se va termina f\u0103r\u0103 s\u0103 \u00ee\u021bi planifici \u0219i o vacan\u021b\u0103 \u00een Rom\u00e2nia. Redescoper\u0103 timp de 4 zile locuri cu un farmec pitoresc aparte, obiceiuri \u0219i tradi\u021bii care \u00ee\u021bi vor garanta c\u0103l\u0103torii reu\u0219ite la doar c\u00e2teva zeci sau sute de kilometri distan\u021b\u0103.<\/p>\n<p align=\"LEFT\"><a href=\"http:\/\/www.travellermagazin.ro\/arhiva\/wp-content\/uploads\/2020\/01\/TTR-Stand-Piatra-Neamt.jpg\"><img loading=\"lazy\" decoding=\"async\" class=\"alignnone size-full wp-image-6885\" src=\"http:\/\/www.travellermagazin.ro\/arhiva\/wp-content\/uploads\/2020\/01\/TTR-Stand-Piatra-Neamt.jpg\" alt=\"\" width=\"800\" height=\"600\" srcset=\"http:\/\/www.travellermagazin.ro\/arhiva\/wp-content\/uploads\/2020\/01\/TTR-Stand-Piatra-Neamt.jpg 800w, http:\/\/www.travellermagazin.ro\/arhiva\/wp-content\/uploads\/2020\/01\/TTR-Stand-Piatra-Neamt-300x225.jpg 300w, http:\/\/www.travellermagazin.ro\/arhiva\/wp-content\/uploads\/2020\/01\/TTR-Stand-Piatra-Neamt-768x576.jpg 768w\" sizes=\"auto, (max-width: 800px) 100vw, 800px\" \/><\/a><\/p>\n<p align=\"LEFT\">TTR este, ca de fiecare dat\u0103, mai mult dec\u00e2t o manifestare expozi\u021bional\u0103. Este o s\u0103rb\u0103toare a c\u0103l\u0103torilor pasiona\u021bi, dar \u0219i a tuturor celor care promoveaz\u0103 constant turismul autohton \u0219i interna\u021bional. TTR este una dintre manifest\u0103rile de referin\u021b\u0103 ale ROMEXPO, fapt demonstrat \u0219i de num\u0103rul foarte mare de vizitatori la edi\u021bia de prim\u0103var\u0103 2019! 21.500 de vizitatori au profitat de promo\u021biile pentru vacan\u021be prezentate de companiile expozante. Manifestarea este organizat\u0103 de ROMEXPO, bianual, prim\u0103vara \u015fi toamna, \u00eempreun\u0103 cu Camerele de Comer\u0163 \u015fi Industrie din Rom\u00e2nia, \u00een parteneriat strategic cu Asocia\u0163ia Na\u0163ional\u0103 a Agen\u0163iilor de Turism din Rom\u00e2nia (ANAT ) \u015fi cu: Organiza\u0163ia Patronal\u0103 a Turismului Balnear din Rom\u00e2nia (OPTBR), Federa\u0163ia Patronatelor din Turismul Rom\u00e2nesc (FPTR), Asocia\u0163ia Na\u0163ional\u0103 de Turism Rural, Ecologic \u015fi Cultural (ANTREC). Edi\u021bia de prim\u0103var\u0103 a TTR are loc \u00eempreun\u0103 cu ROMHOTEL &#8211; Expozi\u021bie interna\u021bional\u0103 de echipamente, mobilier \u0219i dot\u0103ri pentru hoteluri \u0219i restaurante. Te a\u0219tept\u0103m!<\/p>\n<p align=\"LEFT\">ROMEXPO sus\u021bine un viitor f\u0103r\u0103 fum \u2013 un parteneriat cu Philip Morris International!<\/p>\n<p align=\"LEFT\"><strong>TRAVELLER MAGAZIN este unul dintre Partenerii Media semnificativi \u0219i ai acestui eveniment<\/strong>. Mai multe informa\u021bii despre eveniment se g\u0103sesc pe: www.targuldeturism.ro.<\/p>\n","protected":false},"excerpt":{"rendered":"<p>Post Views = 669Este timpul s\u0103 te g\u00e2nde\u0219ti la vacan\u021be de vis pentru anul 2020. A r\u0103mas mai pu\u021bin de o lun\u0103 p\u00e2n\u0103 la debutul edi\u021biei de prim\u0103var\u0103 a TTR. Ea se va desf\u0103\u0219ura \u00eentre 20 \u0219i 23 februarie \u00een &hellip; <a href=\"http:\/\/www.travellermagazin.ro\/arhiva\/2020\/02\/05\/suna-adunarea-la-targul-de-turism-al-romaniei\/\">Continu\u0103 s\u0103 cite\u0219ti <span class=\"meta-nav\">&rarr;<\/span><\/a><\/p>\n","protected":false},"author":1,"featured_media":6884,"comment_status":"open","ping_status":"open","sticky":false,"template":"","format":"gallery","meta":{"footnotes":""},"categories":[19],"tags":[105,57,1805,56],"class_list":["post-6883","post","type-post","status-publish","format-gallery","has-post-thumbnail","hentry","category-evenimente","tag-romexpo-ttr","tag-targul-de-turism-al-romaniei","tag-targul-de-turism-al-romaniei-2020","tag-ttr","post_format-post-format-gallery"],"_links":{"self":[{"href":"http:\/\/www.travellermagazin.ro\/arhiva\/wp-json\/wp\/v2\/posts\/6883","targetHints":{"allow":["GET"]}}],"collection":[{"href":"http:\/\/www.travellermagazin.ro\/arhiva\/wp-json\/wp\/v2\/posts"}],"about":[{"href":"http:\/\/www.travellermagazin.ro\/arhiva\/wp-json\/wp\/v2\/types\/post"}],"author":[{"embeddable":true,"href":"http:\/\/www.travellermagazin.ro\/arhiva\/wp-json\/wp\/v2\/users\/1"}],"replies":[{"embeddable":true,"href":"http:\/\/www.travellermagazin.ro\/arhiva\/wp-json\/wp\/v2\/comments?post=6883"}],"version-history":[{"count":1,"href":"http:\/\/www.travellermagazin.ro\/arhiva\/wp-json\/wp\/v2\/posts\/6883\/revisions"}],"predecessor-version":[{"id":6886,"href":"http:\/\/www.travellermagazin.ro\/arhiva\/wp-json\/wp\/v2\/posts\/6883\/revisions\/6886"}],"wp:featuredmedia":[{"embeddable":true,"href":"http:\/\/www.travellermagazin.ro\/arhiva\/wp-json\/wp\/v2\/media\/6884"}],"wp:attachment":[{"href":"http:\/\/www.travellermagazin.ro\/arhiva\/wp-json\/wp\/v2\/media?parent=6883"}],"wp:term":[{"taxonomy":"category","embeddable":true,"href":"http:\/\/www.travellermagazin.ro\/arhiva\/wp-json\/wp\/v2\/categories?post=6883"},{"taxonomy":"post_tag","embeddable":true,"href":"http:\/\/www.travellermagazin.ro\/arhiva\/wp-json\/wp\/v2\/tags?post=6883"}],"curies":[{"name":"wp","href":"https:\/\/api.w.org\/{rel}","templated":true}]}}