{"id":5831,"date":"2017-10-29T03:35:17","date_gmt":"2017-10-29T01:35:17","guid":{"rendered":"http:\/\/www.travellermagazin.ro\/arhiva\/?p=5831"},"modified":"2017-10-30T14:29:55","modified_gmt":"2017-10-30T12:29:55","slug":"blue-air-inca-o-ruta-noua-transporturi-nr-157","status":"publish","type":"post","link":"http:\/\/www.travellermagazin.ro\/arhiva\/2017\/10\/29\/blue-air-inca-o-ruta-noua-transporturi-nr-157\/","title":{"rendered":"BLUE AIR : \u00eenc\u0103 o rut\u0103 nou\u0103, TRANSPORTURI nr.157"},"content":{"rendered":"<a  href='http:\/\/www.travellermagazin.ro\/arhiva\/wp-admin\/options-general.php?page=post_views' class='entry-meta' style='text-align:center'><b>Post Views<\/a><\/b> = 679<br\/><p><span style=\"color: #000000;\"><span style=\"font-size: large;\"><span lang=\"ro-RO\">Din 15 iunie c<\/span>ea mai mare companie aerian<span style=\"font-family: Times New Roman CE,Times New Roman,serif;\"><span lang=\"ro-RO\">\u0103<\/span><\/span> rom<span lang=\"ro-RO\">\u00e2<\/span>neasc<span style=\"font-family: Times New Roman CE,Times New Roman,serif;\"><span lang=\"ro-RO\">\u0103<\/span><\/span>, <span style=\"font-family: Times New Roman CE,Times New Roman,serif;\"><span lang=\"ro-RO\">va lansa o nou\u0103 rut\u0103 ce va lega ora<\/span><\/span><span style=\"font-family: Tahoma,sans-serif;\"><span lang=\"ro-RO\">\u0219<\/span><\/span><span lang=\"ro-RO\">ele Ia<\/span><span style=\"font-family: Tahoma,sans-serif;\"><span lang=\"ro-RO\">\u0219<\/span><\/span><span lang=\"ro-RO\">i <\/span><span style=\"font-family: Tahoma,sans-serif;\"><span lang=\"ro-RO\">\u0219<\/span><\/span><span lang=\"ro-RO\">i Munchen. <\/span>Zborurile <span lang=\"ro-RO\">vor avea <\/span>trei frecven<span style=\"font-family: Tahoma,sans-serif;\"><span lang=\"ro-RO\">\u021b<\/span><\/span>e s<span style=\"font-family: Times New Roman CE,Times New Roman,serif;\"><span lang=\"ro-RO\">\u0103<\/span><\/span>pt<span style=\"font-family: Times New Roman CE,Times New Roman,serif;\"><span lang=\"ro-RO\">\u0103<\/span><\/span>m<span lang=\"ro-RO\">\u00e2<\/span>nale <span lang=\"ro-RO\">(\u00ee<\/span>n zilele de mar<span style=\"font-family: Tahoma,sans-serif;\"><span lang=\"ro-RO\">\u021b<\/span><\/span>i, joi <span style=\"font-family: Tahoma,sans-serif;\"><span lang=\"ro-RO\">\u0219<\/span><\/span>i duminic<span style=\"font-family: Times New Roman CE,Times New Roman,serif;\"><span lang=\"ro-RO\">\u0103). Blue Air<\/span><\/span> <span style=\"font-family: Times New Roman CE,Times New Roman,serif;\"><span lang=\"ro-RO\">va atinge \u00een aceast\u0103 var\u0103 un total de 6 rut<\/span><\/span><span lang=\"ro-RO\">e noi lansate de<\/span> la Ia<span style=\"font-family: Tahoma,sans-serif;\"><span lang=\"ro-RO\">\u0219<\/span><\/span>i (Floren<span style=\"font-family: Tahoma,sans-serif;\"><span lang=\"ro-RO\">\u021b<\/span><\/span>a, Glasgow, Milano, Munchen, Torino, Valencia).<span lang=\"ro-RO\"> Ce a subliniat cu ocazia anun<\/span><span style=\"font-family: Tahoma,sans-serif;\"><span lang=\"ro-RO\">\u021b<\/span><\/span><span style=\"font-family: Times New Roman CE,Times New Roman,serif;\"><span lang=\"ro-RO\">ului f\u0103cut <\/span><\/span>Director<span lang=\"ro-RO\">ul<\/span> General Blue Air<span lang=\"ro-RO\">, <\/span><span style=\"font-family: Times New Roman CE,Times New Roman,serif;\">Gheorghe R\u0103caru<\/span><span lang=\"ro-RO\">! <\/span>\u201e 5 milioane de pasageri vor c<span style=\"font-family: Times New Roman CE,Times New Roman,serif;\"><span lang=\"ro-RO\">\u0103<\/span><\/span>l<span style=\"font-family: Times New Roman CE,Times New Roman,serif;\"><span lang=\"ro-RO\">\u0103<\/span><\/span>tori anul acesta cu Blue Air <span style=\"font-family: Tahoma,sans-serif;\"><span lang=\"ro-RO\">\u0219<\/span><\/span>i vor beneficia de zboruri confortabile, sigure, la cele mai avantajoase pre<span style=\"font-family: Tahoma,sans-serif;\"><span lang=\"ro-RO\">\u021b<\/span><\/span>uri. Ne bucur<span style=\"font-family: Times New Roman CE,Times New Roman,serif;\"><span lang=\"ro-RO\">\u0103<\/span><\/span>m s<span style=\"font-family: Times New Roman CE,Times New Roman,serif;\"><span lang=\"ro-RO\">\u0103<\/span><\/span> putem sprijini dezvoltarea economic<span style=\"font-family: Times New Roman CE,Times New Roman,serif;\"><span lang=\"ro-RO\">\u0103<\/span><\/span> a ora<span style=\"font-family: Tahoma,sans-serif;\"><span lang=\"ro-RO\">\u0219<\/span><\/span>ului Ia<span style=\"font-family: Tahoma,sans-serif;\"><span lang=\"ro-RO\">\u0219<\/span><\/span>i prin introducerea noilor rute ce vor sus<span style=\"font-family: Tahoma,sans-serif;\"><span lang=\"ro-RO\">\u021b<\/span><\/span>ine mediul de afaceri, turismul local <span style=\"font-family: Tahoma,sans-serif;\"><span lang=\"ro-RO\">\u0219<\/span><\/span>i comunit<span style=\"font-family: Times New Roman CE,Times New Roman,serif;\"><span lang=\"ro-RO\">\u0103<\/span><\/span><span style=\"font-family: Tahoma,sans-serif;\"><span lang=\"ro-RO\">\u021b<\/span><\/span>ile de rom<span lang=\"ro-RO\">\u00e2<\/span>ni care tr<span style=\"font-family: Times New Roman CE,Times New Roman,serif;\"><span lang=\"ro-RO\">\u0103<\/span><\/span>iesc <span lang=\"ro-RO\">\u00ee<\/span>n str<span style=\"font-family: Times New Roman CE,Times New Roman,serif;\"><span lang=\"ro-RO\">\u0103<\/span><\/span>in<span style=\"font-family: Times New Roman CE,Times New Roman,serif;\"><span lang=\"ro-RO\">\u0103<\/span><\/span>tate. Dinamica dezvolt<span style=\"font-family: Times New Roman CE,Times New Roman,serif;\"><span lang=\"ro-RO\">\u0103<\/span><\/span>rii Aeroportului Interna<span style=\"font-family: Tahoma,sans-serif;\"><span lang=\"ro-RO\">\u021b<\/span><\/span>ional Ia<span style=\"font-family: Tahoma,sans-serif;\"><span lang=\"ro-RO\">\u0219<\/span><\/span>i a trecut deja <span lang=\"ro-RO\">\u00ee<\/span>ntr-o nou<span style=\"font-family: Times New Roman CE,Times New Roman,serif;\"><span lang=\"ro-RO\">\u0103<\/span><\/span> etap<span style=\"font-family: Times New Roman CE,Times New Roman,serif;\"><span lang=\"ro-RO\">\u0103<\/span><\/span> <span style=\"font-family: Tahoma,sans-serif;\"><span lang=\"ro-RO\">\u0219<\/span><\/span>i a f<span style=\"font-family: Times New Roman CE,Times New Roman,serif;\"><span lang=\"ro-RO\">\u0103<\/span><\/span>cut posibil<span style=\"font-family: Times New Roman CE,Times New Roman,serif;\"><span lang=\"ro-RO\">\u0103<\/span><\/span> conectarea Ia<span style=\"font-family: Tahoma,sans-serif;\"><span lang=\"ro-RO\">\u0219<\/span><\/span>ului<span lang=\"ro-RO\"> cu ora<\/span><span style=\"font-family: Tahoma,sans-serif;\"><span lang=\"ro-RO\">\u0219<\/span><\/span><span lang=\"ro-RO\">e e<\/span>uropene importante<span lang=\"ro-RO\">\u201d<\/span>. <span style=\"font-family: Times New Roman CE,Times New Roman,serif;\"><span lang=\"ro-RO\">La r\u00e2ndul s\u0103u <\/span><\/span>conducerea Aeroportului Intern<span lang=\"ro-RO\">a<\/span><span style=\"font-family: Tahoma,sans-serif;\"><span lang=\"ro-RO\">\u021b<\/span><\/span>ional Ia<span style=\"font-family: Tahoma,sans-serif;\"><span lang=\"ro-RO\">\u0219<\/span><\/span>i<span style=\"font-family: Times New Roman CE,Times New Roman,serif;\"><span lang=\"ro-RO\"> a declarat c\u0103: \u201d<\/span><\/span>Munchen<span lang=\"ro-RO\">, ce de<\/span><span style=\"font-family: Tahoma,sans-serif;\"><span lang=\"ro-RO\">\u021b<\/span><\/span><span lang=\"ro-RO\">ine singurul aeroport de 5 stele din Europa,<\/span> este o destina<span style=\"font-family: Tahoma,sans-serif;\"><span lang=\"ro-RO\">\u021b<\/span><\/span>ie extrem de solicitat<span style=\"font-family: Times New Roman CE,Times New Roman,serif;\"><span lang=\"ro-RO\">\u0103<\/span><\/span> de mediul de afaceri din ora<span style=\"font-family: Tahoma,sans-serif;\"><span lang=\"ro-RO\">\u0219<\/span><\/span>ul nostru <span style=\"font-family: Tahoma,sans-serif;\"><span lang=\"ro-RO\">\u0219<\/span><\/span>i foarte important<span style=\"font-family: Times New Roman CE,Times New Roman,serif;\"><span lang=\"ro-RO\">\u0103<\/span><\/span> pentru orizontul investitiilor str<span style=\"font-family: Times New Roman CE,Times New Roman,serif;\"><span lang=\"ro-RO\">\u0103<\/span><\/span>ine <span lang=\"ro-RO\">\u00ee<\/span>n Moldova<span lang=\"ro-RO\">\u201d<\/span>. (<span lang=\"ro-RO\">ION BADEA).<\/span><\/span><\/span><\/p>\n<p><a href=\"http:\/\/www.travellermagazin.ro\/arhiva\/wp-content\/uploads\/2017\/10\/BlueAir-1.jpg\"><img loading=\"lazy\" decoding=\"async\" class=\"alignnone size-full wp-image-5868\" src=\"http:\/\/www.travellermagazin.ro\/arhiva\/wp-content\/uploads\/2017\/10\/BlueAir-1.jpg\" alt=\"\" width=\"1181\" height=\"677\" srcset=\"http:\/\/www.travellermagazin.ro\/arhiva\/wp-content\/uploads\/2017\/10\/BlueAir-1.jpg 1181w, http:\/\/www.travellermagazin.ro\/arhiva\/wp-content\/uploads\/2017\/10\/BlueAir-1-300x172.jpg 300w, http:\/\/www.travellermagazin.ro\/arhiva\/wp-content\/uploads\/2017\/10\/BlueAir-1-768x440.jpg 768w, http:\/\/www.travellermagazin.ro\/arhiva\/wp-content\/uploads\/2017\/10\/BlueAir-1-1024x587.jpg 1024w\" sizes=\"auto, (max-width: 1181px) 100vw, 1181px\" \/><\/a><\/p>\n<p lang=\"ro-RO\" align=\"LEFT\"><span style=\"font-size: large;\"><strong><span style=\"color: #000000;\">CU APROAPE UN SFERT MAI MULT<\/span><\/strong><\/span><\/p>\n<p align=\"LEFT\"><span style=\"color: #000000;\"><span style=\"font-size: large;\">Num<span style=\"font-family: Times New Roman CE,Times New Roman,serif;\"><span lang=\"ro-RO\">\u0103<\/span><\/span>rul pasagerilor care au tranzitat aeroporturile din Rom<span lang=\"ro-RO\">\u00e2<\/span>nia a crescut anul trecut cu 23,5%, p<span lang=\"ro-RO\">\u00e2<\/span>n<span style=\"font-family: Times New Roman CE,Times New Roman,serif;\"><span lang=\"ro-RO\">\u0103<\/span><\/span> la 16,39 milioane de pasageri, potrivit datelor publicate de c<span style=\"font-family: Times New Roman CE,Times New Roman,serif;\"><span lang=\"ro-RO\">\u0103<\/span><\/span>tre INS. Aeroportul Interna<span style=\"font-family: Tahoma,sans-serif;\"><span lang=\"ro-RO\">\u021b<\/span><\/span>ional Henri Coand<span style=\"font-family: Times New Roman CE,Times New Roman,serif;\"><span lang=\"ro-RO\">\u0103<\/span><\/span> a <span lang=\"ro-RO\">\u00ee<\/span>nregistrat <span lang=\"ro-RO\">\u00ee<\/span>n 2016 un trafic de 10,98 milioane de pasageri, 67% din totalul pasagerilor <span lang=\"ro-RO\">\u00ee<\/span>nregistra<span style=\"font-family: Tahoma,sans-serif;\"><span lang=\"ro-RO\">\u021b<\/span><\/span>i <span lang=\"ro-RO\">\u00ee<\/span>n <span style=\"font-family: Tahoma,sans-serif;\"><span lang=\"ro-RO\">\u021b<\/span><\/span><span style=\"font-family: Times New Roman CE,Times New Roman,serif;\"><span lang=\"ro-RO\">ara noastr\u0103. <\/span><\/span>Pe locul<span lang=\"ro-RO\"> secund<\/span> se afl<span style=\"font-family: Times New Roman CE,Times New Roman,serif;\"><span lang=\"ro-RO\">\u0103<\/span><\/span> <span lang=\"ro-RO\">aeroportul din <\/span>Cluj-Napoca, cu 1,88 milioane de pasageri (11,5%), iar pe trei <span lang=\"ro-RO\">\u201d<\/span>Traian Vuia<span lang=\"ro-RO\">\u201d<\/span> din Timi<span style=\"font-family: Tahoma,sans-serif;\"><span lang=\"ro-RO\">\u0219<\/span><\/span>oara, cu 1,16 milioane (7,1%).<span lang=\"ro-RO\"> T<\/span>ransportul interna<span style=\"font-family: Tahoma,sans-serif;\"><span lang=\"ro-RO\">\u021b<\/span><\/span>ional are o <span lang=\"ro-RO\">pondere<\/span> de 89,1%, <span lang=\"ro-RO\">(<\/span>14,6 milioane pasageri<span lang=\"ro-RO\">)<\/span>, restul fiind <span style=\"font-family: Times New Roman CE,Times New Roman,serif;\"><span lang=\"ro-RO\">c\u0103l\u0103tori<\/span><\/span> pe curse interne. Pe segmentul transportului interna<span style=\"font-family: Tahoma,sans-serif;\"><span lang=\"ro-RO\">\u021b<\/span><\/span>ional de pasageri, <span lang=\"ro-RO\">A<\/span>eroportul Henri Coand<span style=\"font-family: Times New Roman CE,Times New Roman,serif;\"><span lang=\"ro-RO\">\u0103<\/span><\/span> are o cot<span style=\"font-family: Times New Roman CE,Times New Roman,serif;\"><span lang=\"ro-RO\">\u0103<\/span><\/span> de 69,2%, <span lang=\"ro-RO\">(<\/span>10,1 milioane pasageri<span lang=\"ro-RO\">)<\/span>, fiind urmat de Cluj-Napoca cu 10,8% <span style=\"font-family: Tahoma,sans-serif;\"><span lang=\"ro-RO\">\u0219<\/span><\/span>i de Traian Vuia cu 6,3%.<\/span><\/span><\/p>\n<p align=\"LEFT\">\n<p><strong><span style=\"color: #000000;\"><span style=\"font-size: large;\">Record European de<\/span><span style=\"font-size: large;\"><span lang=\"ro-RO\"> ALTITUDINE<\/span><\/span><\/span><\/strong><\/p>\n<p><span style=\"color: #000000;\"><span style=\"font-size: large;\"><span style=\"font-family: Times New Roman CE,Times New Roman,serif;\">Aeroclubul Rom\u00e2niei, \u00eempreuna cu Federa\u0163ia Aeronautic\u0103 Rom\u00e2n\u0103, au <\/span><span lang=\"ro-RO\">finalizat <\/span><span style=\"font-family: Times New Roman CE,Times New Roman,serif;\">proiectul de stabilire a unui record european de altitudine la salt cu para\u015futa.<\/span><span lang=\"ro-RO\"> Pe 2<\/span> <span style=\"font-family: Times New Roman CE,Times New Roman,serif;\">aprilie 2017, Gabriel-Dan Chiriac a efectuat un salt de la 9703 metri, din balonul cu aer cald pilotat de Mihai Ilie \u015fi Mugurel Conta Ionescu, dep\u0103\u015find astfel performan\u0163a de 9319 metri realizat\u0103 de finlandezul Timo Toivonen la data de 21 aprilie 2013.<\/span> Gabr<span style=\"font-family: Times New Roman CE,Times New Roman,serif;\">iel-Dan Chiriac este para\u015futist &#8211; instructor voluntar \u00een cadrul Aeroclubului Rom\u00e2niei, practic\u0103 aceast\u0103 activitate din anul 1984 \u015fi de\u0163ine actualul record national de altitudine la salt cu para\u015futa (10431 metri realizat la 12 aprilie 2015). Rezultatul respectiv, de\u015fi superior celui actual, nu a putut fi omologat<\/span><span lang=\"ro-RO\"> din motive tehnice. <\/span><\/span><\/span><\/p>\n<p align=\"LEFT\"><span style=\"font-size: large;\"><strong><span style=\"color: #000000;\">MAI \u2013 A intrat<span lang=\"ro-RO\"> pe pia<\/span><span style=\"font-family: Tahoma,sans-serif;\"><span lang=\"ro-RO\">\u021b<\/span><\/span><span style=\"font-family: Times New Roman CE,Times New Roman,serif;\"><span lang=\"ro-RO\">\u0103 Croa<\/span><\/span><span style=\"font-family: Tahoma,sans-serif;\"><span lang=\"ro-RO\">\u021b<\/span><\/span><span lang=\"ro-RO\">ia Airlines<br \/>\n<a href=\"http:\/\/www.travellermagazin.ro\/arhiva\/wp-content\/uploads\/2017\/10\/Lansare-Croatia-Airlines-la-Ambasada-Croatiei.jpg\"><img loading=\"lazy\" decoding=\"async\" class=\"alignnone size-full wp-image-5869\" src=\"http:\/\/www.travellermagazin.ro\/arhiva\/wp-content\/uploads\/2017\/10\/Lansare-Croatia-Airlines-la-Ambasada-Croatiei.jpg\" alt=\"\" width=\"526\" height=\"526\" srcset=\"http:\/\/www.travellermagazin.ro\/arhiva\/wp-content\/uploads\/2017\/10\/Lansare-Croatia-Airlines-la-Ambasada-Croatiei.jpg 526w, http:\/\/www.travellermagazin.ro\/arhiva\/wp-content\/uploads\/2017\/10\/Lansare-Croatia-Airlines-la-Ambasada-Croatiei-150x150.jpg 150w, http:\/\/www.travellermagazin.ro\/arhiva\/wp-content\/uploads\/2017\/10\/Lansare-Croatia-Airlines-la-Ambasada-Croatiei-300x300.jpg 300w\" sizes=\"auto, (max-width: 526px) 100vw, 526px\" \/><\/a><br \/>\n<\/span> <\/span><\/strong><\/span><\/p>\n<p align=\"LEFT\"><span style=\"color: #000000;\"><span style=\"font-size: large;\"><span lang=\"ro-RO\">Din 19 mai c<\/span>ompania aerian<span style=\"font-family: Times New Roman CE,Times New Roman,serif;\"><span lang=\"ro-RO\">\u0103<\/span><\/span> Croa<span lang=\"ro-RO\">t<\/span>ia Airlines <span lang=\"ro-RO\">a lansat <\/span>zboruri<span lang=\"ro-RO\"> regulate (luni, miercuri, vineri)<\/span> de la Bucure<span style=\"font-family: Tahoma,sans-serif;\"><span lang=\"ro-RO\">\u0219<\/span><\/span>ti spre Zagreb, Dubrovnik, Pula<span lang=\"ro-RO\">, <\/span>Split, Zadar (ultimele patru cu zbor prin Zagreb). Odat<span style=\"font-family: Times New Roman CE,Times New Roman,serif;\"><span lang=\"ro-RO\">\u0103<\/span><\/span> cu intrarea pe pia<span style=\"font-family: Tahoma,sans-serif;\"><span lang=\"ro-RO\">\u021b<\/span><\/span><span style=\"font-family: Times New Roman CE,Times New Roman,serif;\"><span lang=\"ro-RO\">\u0103<\/span><\/span>, <span style=\"font-family: Times New Roman CE,Times New Roman,serif;\"><span lang=\"ro-RO\">este promovat\u0103 <\/span><\/span><span style=\"font-family: Tahoma,sans-serif;\"><span lang=\"ro-RO\">\u0219<\/span><\/span>i o oferta promo<span style=\"font-family: Tahoma,sans-serif;\"><span lang=\"ro-RO\">\u021b<\/span><\/span>ional<span style=\"font-family: Times New Roman CE,Times New Roman,serif;\"><span lang=\"ro-RO\">\u0103<\/span><\/span> astfel c<span style=\"font-family: Times New Roman CE,Times New Roman,serif;\"><span lang=\"ro-RO\">\u0103<\/span><\/span> zborurile pe rut<span lang=\"ro-RO\">ele amintite \u00ee<\/span>ncep de la 149 de euro<span style=\"font-family: Times New Roman CE,Times New Roman,serif;\"><span lang=\"ro-RO\">. Ea este valabil\u0103 pe \u00eentreaga perioad\u0103 cuprins\u0103 \u00eentre 19 mai-13 octombrie 2017. Flota transportatorului croat &#8211; format\u0103 din 12 avioane -, asigur\u0103 servicii anuale pentru circa 2 milioane de pasageri.<\/span><\/span> <\/span><\/span><\/p>\n<p align=\"LEFT\"><span style=\"color: #000000;\"><span style=\"font-size: large;\"><span style=\"font-family: Times New Roman CE,Times New Roman,serif;\">Cu acest prilej ambasada Croa\u0163iei a g\u0103zduit un eveniment ce a reunit personal diplomatic, reprezentan\u0163i ai agen\u0163iilor de turism \u015fi jurnali\u015fti de turism membrii ai FIJET Croa\u0163ia \u015fi Fijet Rom\u00e2nia. \u00cen cadrul discu\u0163iilor cu conducerea Croatia Airlines s-au conturat propuneri pentru viitoare colabor\u0103ri pe segmental promov\u0103rii turistice a ambelor \u0163\u0103ri<\/span>.<\/span><\/span><\/p>\n","protected":false},"excerpt":{"rendered":"<p>Post Views = 679Din 15 iunie cea mai mare companie aerian\u0103 rom\u00e2neasc\u0103, va lansa o nou\u0103 rut\u0103 ce va lega ora\u0219ele Ia\u0219i \u0219i Munchen. Zborurile vor avea trei frecven\u021be s\u0103pt\u0103m\u00e2nale (\u00een zilele de mar\u021bi, joi \u0219i duminic\u0103). Blue Air va &hellip; <a href=\"http:\/\/www.travellermagazin.ro\/arhiva\/2017\/10\/29\/blue-air-inca-o-ruta-noua-transporturi-nr-157\/\">Continu\u0103 s\u0103 cite\u0219ti <span class=\"meta-nav\">&rarr;<\/span><\/a><\/p>\n","protected":false},"author":1,"featured_media":5868,"comment_status":"open","ping_status":"open","sticky":false,"template":"","format":"gallery","meta":{"footnotes":""},"categories":[1642,24],"tags":[36],"class_list":["post-5831","post","type-post","status-publish","format-gallery","has-post-thumbnail","hentry","category-numarul-157","category-transporturi","tag-transporturi-2","post_format-post-format-gallery"],"_links":{"self":[{"href":"http:\/\/www.travellermagazin.ro\/arhiva\/wp-json\/wp\/v2\/posts\/5831","targetHints":{"allow":["GET"]}}],"collection":[{"href":"http:\/\/www.travellermagazin.ro\/arhiva\/wp-json\/wp\/v2\/posts"}],"about":[{"href":"http:\/\/www.travellermagazin.ro\/arhiva\/wp-json\/wp\/v2\/types\/post"}],"author":[{"embeddable":true,"href":"http:\/\/www.travellermagazin.ro\/arhiva\/wp-json\/wp\/v2\/users\/1"}],"replies":[{"embeddable":true,"href":"http:\/\/www.travellermagazin.ro\/arhiva\/wp-json\/wp\/v2\/comments?post=5831"}],"version-history":[{"count":2,"href":"http:\/\/www.travellermagazin.ro\/arhiva\/wp-json\/wp\/v2\/posts\/5831\/revisions"}],"predecessor-version":[{"id":5870,"href":"http:\/\/www.travellermagazin.ro\/arhiva\/wp-json\/wp\/v2\/posts\/5831\/revisions\/5870"}],"wp:featuredmedia":[{"embeddable":true,"href":"http:\/\/www.travellermagazin.ro\/arhiva\/wp-json\/wp\/v2\/media\/5868"}],"wp:attachment":[{"href":"http:\/\/www.travellermagazin.ro\/arhiva\/wp-json\/wp\/v2\/media?parent=5831"}],"wp:term":[{"taxonomy":"category","embeddable":true,"href":"http:\/\/www.travellermagazin.ro\/arhiva\/wp-json\/wp\/v2\/categories?post=5831"},{"taxonomy":"post_tag","embeddable":true,"href":"http:\/\/www.travellermagazin.ro\/arhiva\/wp-json\/wp\/v2\/tags?post=5831"}],"curies":[{"name":"wp","href":"https:\/\/api.w.org\/{rel}","templated":true}]}}