{"id":5812,"date":"2017-10-29T02:33:50","date_gmt":"2017-10-29T00:33:50","guid":{"rendered":"http:\/\/www.travellermagazin.ro\/arhiva\/?p=5812"},"modified":"2017-10-30T15:05:23","modified_gmt":"2017-10-30T13:05:23","slug":"nostalgia-balcicului-biblioteca-nr-157","status":"publish","type":"post","link":"http:\/\/www.travellermagazin.ro\/arhiva\/2017\/10\/29\/nostalgia-balcicului-biblioteca-nr-157\/","title":{"rendered":"Nostalgia Balcicului, BIBLIOTECA nr.157"},"content":{"rendered":"<a  href='http:\/\/www.travellermagazin.ro\/arhiva\/wp-admin\/options-general.php?page=post_views' class='entry-meta' style='text-align:center'><b>Post Views<\/a><\/b> = 684<br\/><p lang=\"ro-RO\" align=\"LEFT\"><span style=\"color: #000000;\"><span style=\"font-size: large;\">\u00cen mod sigur Balcicul f\u0103r\u0103 castelul Reginei Maria, nu ar fi \u00eensemnat dup\u0103 trecerea timpului prea mult pentru noi. F\u0103r\u0103 povestea unei lumi care a r\u0103mas imortalizat\u0103 \u00een p\u00e2nzele unor pictori nici n-am fi \u0219tiut prea mult despre frumuse\u021bile care ne-au sc\u0103pat printre degete. S-au scris multe c\u0103r\u021bi despre Balcic, despre pove\u0219tile romantice, unele adev\u0103rate altele doar caligrafii la malul m\u0103rii. Editura Semne a avut curajul s\u0103 mai lanseze una care se nume\u0219te chiar \u201dBalcic\u201d ce poart\u0103 semn\u0103tura doamnei Balcica M\u0103ciuc\u0103. Autoarea \u0219i-a legat o mare parte din via\u021b\u0103 de aceste locuri. \u201dLumina sufletelor se \u00eembina cu cea solar\u0103. Lucru pe care arti\u0219tii l-au \u00een\u021beles. Ei au descoperit c\u0103, \u00een Balcic, casele aveau por\u021bile numai ca decor, fiindc\u0103 acolo totul era deschis, erau suflete deschise, oamenii comunicau nu numai \u00eentre ei, ci \u0219i cu natura, \u00eentr-o comuniune des\u0103rv\u00e2r\u0219it\u0103\u201d. O carte de citit. O invita\u021bie la o c\u0103l\u0103torie ini\u021biatic\u0103.<br \/>\n<a href=\"http:\/\/www.travellermagazin.ro\/arhiva\/wp-content\/uploads\/2017\/10\/Carte-Balcic.jpg\"><img loading=\"lazy\" decoding=\"async\" class=\"alignnone size-full wp-image-5917\" src=\"http:\/\/www.travellermagazin.ro\/arhiva\/wp-content\/uploads\/2017\/10\/Carte-Balcic.jpg\" alt=\"\" width=\"787\" height=\"1024\" srcset=\"http:\/\/www.travellermagazin.ro\/arhiva\/wp-content\/uploads\/2017\/10\/Carte-Balcic.jpg 787w, http:\/\/www.travellermagazin.ro\/arhiva\/wp-content\/uploads\/2017\/10\/Carte-Balcic-231x300.jpg 231w, http:\/\/www.travellermagazin.ro\/arhiva\/wp-content\/uploads\/2017\/10\/Carte-Balcic-768x999.jpg 768w\" sizes=\"auto, (max-width: 787px) 100vw, 787px\" \/><\/a><br \/>\n<\/span><\/span><\/p>\n<p align=\"LEFT\"><span style=\"font-size: large;\"><strong><span style=\"color: #000000;\">T<span lang=\"ro-RO\">radi\u021biile Junilor &#8211; prima din 6<br \/>\n<a href=\"http:\/\/www.travellermagazin.ro\/arhiva\/wp-content\/uploads\/2017\/10\/carti-Juni-1.jpg\"><img loading=\"lazy\" decoding=\"async\" class=\"alignnone size-full wp-image-5918\" src=\"http:\/\/www.travellermagazin.ro\/arhiva\/wp-content\/uploads\/2017\/10\/carti-Juni-1.jpg\" alt=\"\" width=\"1024\" height=\"768\" srcset=\"http:\/\/www.travellermagazin.ro\/arhiva\/wp-content\/uploads\/2017\/10\/carti-Juni-1.jpg 1024w, http:\/\/www.travellermagazin.ro\/arhiva\/wp-content\/uploads\/2017\/10\/carti-Juni-1-300x225.jpg 300w, http:\/\/www.travellermagazin.ro\/arhiva\/wp-content\/uploads\/2017\/10\/carti-Juni-1-768x576.jpg 768w\" sizes=\"auto, (max-width: 1024px) 100vw, 1024px\" \/><\/a><br \/>\n<\/span><\/span><\/strong><\/span><\/p>\n<p align=\"LEFT\"><span style=\"color: #000000;\"><span style=\"font-size: large;\"><span lang=\"ro-RO\">Ne-a parvenit la redac\u021bie albumul editat \u00een condi\u021bii de lux \u201dTradi\u021biile Junilor din \u0218cheii Bra\u0219ovului \u0219i Bra\u0219ovechi\u201d. Autorul \u0219i coordonatorul lucr\u0103rii &#8211; dr. Alexandru St\u0103nescu, secretarul general al Uniunii Junilor se afl\u0103 sigur \u00een spatele ini\u021biativei de a ne trimite aceast\u0103 lucrare. Dup\u0103 cum am aflat este prima apari\u021bie dintr-o serie de 6 albume &#8211; edi\u021bii limitate -, ce urmeaz\u0103 s\u0103 apar\u0103 \u00een urm\u0103torii ani. Despre \u0218chei \u0219i Juni nu are rost s\u0103 v\u0103 povestim. Pute\u021bi s\u0103 tr\u0103i\u021bi experien\u021be memorabile la fiecare \u00eenceput al lunii mai c\u00e2nd are loc la Bra\u0219ov \u0219i \u00eemprejurimi Marea s\u0103rb\u0103toare a Junilor. Dac\u0103 nu ave\u021bi timp, urm\u0103ri\u021bi seria care este tip\u0103rit\u0103 la editura Monitorul Oficial. Ave\u021bi multe de aflat din ceea ce scrie Vasile Bide\u021b, pre\u0219edintele Uniunii Junilor, dar ve\u021bi r\u0103m\u00e2ne fascina\u021bi urm\u0103rind picturile ori fotografiile de epoc\u0103 ce v\u0103 reamintesc de tradi\u021bii \u00eenc\u0103 vii cum sunt: strochitul, mar\u021bea cu pl\u0103cinte, aruncatu<\/span>\u2019n<span lang=\"ro-RO\"> \u021bol etc. Colec\u021bia este finan\u021bat\u0103 de c\u0103tre Prim\u0103ria Municipiului Bra\u0219ov, semn c\u0103 totu\u0219i banii comunitari se \u00eendreapt\u0103 \u0219i spre sus\u021binerea unor proiecte durabile. <\/span><\/span><\/span><\/p>\n<p lang=\"ro-RO\" align=\"LEFT\"><span style=\"font-size: large;\"><strong><span style=\"color: #000000;\">Ethel Pantazzi &#8211; Acea Rom\u00e2nie care te invit\u0103 s-o iube\u0219ti<br \/>\n<a href=\"http:\/\/www.travellermagazin.ro\/arhiva\/wp-content\/uploads\/2017\/10\/carti-Romania.jpg\"><img loading=\"lazy\" decoding=\"async\" class=\"alignnone size-full wp-image-5919\" src=\"http:\/\/www.travellermagazin.ro\/arhiva\/wp-content\/uploads\/2017\/10\/carti-Romania.jpg\" alt=\"\" width=\"768\" height=\"1024\" srcset=\"http:\/\/www.travellermagazin.ro\/arhiva\/wp-content\/uploads\/2017\/10\/carti-Romania.jpg 768w, http:\/\/www.travellermagazin.ro\/arhiva\/wp-content\/uploads\/2017\/10\/carti-Romania-225x300.jpg 225w\" sizes=\"auto, (max-width: 768px) 100vw, 768px\" \/><\/a><br \/>\n<\/span><\/strong><\/span><\/p>\n<p lang=\"ro-RO\" align=\"LEFT\"><span style=\"color: #000000;\"><span style=\"font-size: large;\">Editura Humanitas \u00ee\u0219i continu\u0103 maratonul recuper\u0103rilor literare &#8211; majoritatea sub form\u0103 de jurnale \u0219i \u00eensemn\u0103ri, c\u0103ci asta era moda timpului. Pentru aceasta a conceput \u0219i colec\u021bia Vintage unde apar periodic c\u0103r\u021bi despre Rom\u00e2nia, Bucure\u0219tiul de alt\u0103dat\u0103 sau, cum se \u00eent\u00eempl\u0103 \u00een cazul de fa\u021b\u0103, \u00een principal despre ora\u0219ul Gala\u021bi. Ethel Greening Pantazzi, o canadianc\u0103 plin\u0103 de energie (n\u0103scut\u0103 \u00een 1880, \u00een Hamilton-Ontario) este m\u00e2nat\u0103 de \u00eent\u00e2mplare \u0219i iubire, transformat\u0103 \u00een c\u0103s\u0103torie, c\u0103tre \u201dRom\u00e2nia \u00een lumini \u0219i umbre\u201d (1909-1919). Aici \u00een calitate de femeie modern\u0103 se \u00eent\u00e2lne\u0219te cu comunit\u0103\u021bi conservatoare \u00een care b\u0103rba\u021bii sunt prea pu\u021bin dispu\u0219i s\u0103 cedeze din teritoriul istoric ocupat \u0219i ca atare pu\u021bin receptivi la micile revolu\u021bii ini\u021biate de femei. Cum a ajuns la Gala\u021bi? \u00cen 1908 \u00eel cunoa\u0219te pe Vasile Pantazzi, c\u0103pitan al portului Gala\u021bi care i-a devenit so\u021b dup\u0103 nunta ce a avut loc un an mai t\u00e2rziu. Impresiile acesteia se dovedesc suculente iar observa\u021biile f\u0103cute \u00een leg\u0103tur\u0103 cu tradi\u021biile rom\u00e2nilor sunt c\u00e2t se poate de m\u0103gulitoare. Ethel scrie despre obiceiurile de nunt\u0103, despre paparude, c\u0103lcatul ursului, ghicitul \u00een palm\u0103, despre Rusalii, Boboteaza, Pa\u0219tele, Tradi\u021biile de Cr\u0103ciun \u0219i Anul Nou pe care le \u201dtesteaz\u0103\u201d \u00eenpreun\u0103 cu so\u021bul s\u0103u. Aproximativ jum\u0103tate din cele 300 de pagini sunt dedicate luminilor, iar restul redau experien\u021bele triste din timpul primului R\u0103zboi Mondial, c\u00e2nd familia a fost nevoit\u0103 s\u0103 se retrag\u0103 la Ia\u0219i \u0219i Odesa. <\/span><\/span><\/p>\n<p lang=\"ro-RO\" align=\"LEFT\"><span style=\"color: #000000;\"><span style=\"font-size: large;\"><strong>M. CONSTANTINESCU<\/strong> <\/span><\/span><\/p>\n","protected":false},"excerpt":{"rendered":"<p>Post Views = 684\u00cen mod sigur Balcicul f\u0103r\u0103 castelul Reginei Maria, nu ar fi \u00eensemnat dup\u0103 trecerea timpului prea mult pentru noi. F\u0103r\u0103 povestea unei lumi care a r\u0103mas imortalizat\u0103 \u00een p\u00e2nzele unor pictori nici n-am fi \u0219tiut prea mult &hellip; <a href=\"http:\/\/www.travellermagazin.ro\/arhiva\/2017\/10\/29\/nostalgia-balcicului-biblioteca-nr-157\/\">Continu\u0103 s\u0103 cite\u0219ti <span class=\"meta-nav\">&rarr;<\/span><\/a><\/p>\n","protected":false},"author":1,"featured_media":5918,"comment_status":"open","ping_status":"open","sticky":false,"template":"","format":"gallery","meta":{"footnotes":""},"categories":[28,1642],"tags":[51,1643],"class_list":["post-5812","post","type-post","status-publish","format-gallery","has-post-thumbnail","hentry","category-biblioteca","category-numarul-157","tag-biblioteca-2","tag-biblioteca-157","post_format-post-format-gallery"],"_links":{"self":[{"href":"http:\/\/www.travellermagazin.ro\/arhiva\/wp-json\/wp\/v2\/posts\/5812","targetHints":{"allow":["GET"]}}],"collection":[{"href":"http:\/\/www.travellermagazin.ro\/arhiva\/wp-json\/wp\/v2\/posts"}],"about":[{"href":"http:\/\/www.travellermagazin.ro\/arhiva\/wp-json\/wp\/v2\/types\/post"}],"author":[{"embeddable":true,"href":"http:\/\/www.travellermagazin.ro\/arhiva\/wp-json\/wp\/v2\/users\/1"}],"replies":[{"embeddable":true,"href":"http:\/\/www.travellermagazin.ro\/arhiva\/wp-json\/wp\/v2\/comments?post=5812"}],"version-history":[{"count":3,"href":"http:\/\/www.travellermagazin.ro\/arhiva\/wp-json\/wp\/v2\/posts\/5812\/revisions"}],"predecessor-version":[{"id":5921,"href":"http:\/\/www.travellermagazin.ro\/arhiva\/wp-json\/wp\/v2\/posts\/5812\/revisions\/5921"}],"wp:featuredmedia":[{"embeddable":true,"href":"http:\/\/www.travellermagazin.ro\/arhiva\/wp-json\/wp\/v2\/media\/5918"}],"wp:attachment":[{"href":"http:\/\/www.travellermagazin.ro\/arhiva\/wp-json\/wp\/v2\/media?parent=5812"}],"wp:term":[{"taxonomy":"category","embeddable":true,"href":"http:\/\/www.travellermagazin.ro\/arhiva\/wp-json\/wp\/v2\/categories?post=5812"},{"taxonomy":"post_tag","embeddable":true,"href":"http:\/\/www.travellermagazin.ro\/arhiva\/wp-json\/wp\/v2\/tags?post=5812"}],"curies":[{"name":"wp","href":"https:\/\/api.w.org\/{rel}","templated":true}]}}