{"id":5524,"date":"2017-04-19T21:03:35","date_gmt":"2017-04-19T19:03:35","guid":{"rendered":"http:\/\/www.travellermagazin.ro\/arhiva\/?p=5524"},"modified":"2017-04-19T21:45:04","modified_gmt":"2017-04-19T19:45:04","slug":"ionica-acest-harry-potter-al-moldovei-redescopera-romania-nr-153","status":"publish","type":"post","link":"http:\/\/www.travellermagazin.ro\/arhiva\/2017\/04\/19\/ionica-acest-harry-potter-al-moldovei-redescopera-romania-nr-153\/","title":{"rendered":"Ionica &#8211; acest Harry Potter al Moldovei, REDESCOPERA ROMANIA nr.153-154"},"content":{"rendered":"<a  href='http:\/\/www.travellermagazin.ro\/arhiva\/wp-admin\/options-general.php?page=post_views' class='entry-meta' style='text-align:center'><b>Post Views<\/a><\/b> = 676<br\/><p lang=\"en-US\"><span style=\"color: #000000;\"><span style=\"font-size: large;\"><span lang=\"ro-RO\">Nu ave\u021bi timp \u0219i nici bani s\u0103 ajunge\u021bi \u00een parcurile de distrac\u021bii ori tematice din California, Florida ori din Las Vegas sau m\u0103car la Disney Land din Paris? Nu e nicio problem\u0103. Merge\u021bi pe m\u00e2na noastr\u0103. <\/span>Dac<span lang=\"ro-RO\">\u0103 n-a\u021bi v\u0103zut, vizita\u021bi minunea de la&#8230; Humule\u0219ti.<br \/>\n<\/span><\/span><\/span><\/p>\n<div id='gallery-1' class='gallery galleryid-5524 gallery-columns-4 gallery-size-thumbnail'><dl class='gallery-item'>\n\t\t\t<dt class='gallery-icon landscape'>\n\t\t\t\t<a href='http:\/\/www.travellermagazin.ro\/arhiva\/2017\/04\/19\/ionica-acest-harry-potter-al-moldovei-redescopera-romania-nr-153\/creanga-land-2\/'><img loading=\"lazy\" decoding=\"async\" width=\"150\" height=\"150\" src=\"http:\/\/www.travellermagazin.ro\/arhiva\/wp-content\/uploads\/2017\/04\/Creanga-Land-2-150x150.jpg\" class=\"attachment-thumbnail size-thumbnail\" alt=\"\" \/><\/a>\n\t\t\t<\/dt><\/dl><dl class='gallery-item'>\n\t\t\t<dt class='gallery-icon landscape'>\n\t\t\t\t<a href='http:\/\/www.travellermagazin.ro\/arhiva\/2017\/04\/19\/ionica-acest-harry-potter-al-moldovei-redescopera-romania-nr-153\/creanga-land-3\/'><img loading=\"lazy\" decoding=\"async\" width=\"150\" height=\"150\" src=\"http:\/\/www.travellermagazin.ro\/arhiva\/wp-content\/uploads\/2017\/04\/Creanga-Land-3-150x150.jpg\" class=\"attachment-thumbnail size-thumbnail\" alt=\"\" \/><\/a>\n\t\t\t<\/dt><\/dl><dl class='gallery-item'>\n\t\t\t<dt class='gallery-icon landscape'>\n\t\t\t\t<a href='http:\/\/www.travellermagazin.ro\/arhiva\/2017\/04\/19\/ionica-acest-harry-potter-al-moldovei-redescopera-romania-nr-153\/creanga-land-4\/'><img loading=\"lazy\" decoding=\"async\" width=\"150\" height=\"150\" src=\"http:\/\/www.travellermagazin.ro\/arhiva\/wp-content\/uploads\/2017\/04\/Creanga-Land-4-150x150.jpg\" class=\"attachment-thumbnail size-thumbnail\" alt=\"\" \/><\/a>\n\t\t\t<\/dt><\/dl><dl class='gallery-item'>\n\t\t\t<dt class='gallery-icon portrait'>\n\t\t\t\t<a href='http:\/\/www.travellermagazin.ro\/arhiva\/2017\/04\/19\/ionica-acest-harry-potter-al-moldovei-redescopera-romania-nr-153\/creanga-land1\/'><img loading=\"lazy\" decoding=\"async\" width=\"150\" height=\"150\" src=\"http:\/\/www.travellermagazin.ro\/arhiva\/wp-content\/uploads\/2017\/04\/Creanga-land1-150x150.jpg\" class=\"attachment-thumbnail size-thumbnail\" alt=\"\" \/><\/a>\n\t\t\t<\/dt><\/dl><br style=\"clear: both\" \/>\n\t\t<\/div>\n\n<p lang=\"en-US\"><span style=\"font-size: medium;\"><span style=\"color: #000000;\"><span style=\"font-size: large;\"><span lang=\"ro-RO\">E la o arunc\u0103tur\u0103 de b\u0103\u021b de T\u00e2rgu Neam\u021b. Hai, c\u0103 toat\u0103 lumea \u0219tie c\u0103 \u0103sta-i locul unde s-a n\u0103scut cel mai tare \u0219i h\u00e2tru povestitor, un fel de Fra\u021bii Grimm, dar nemultiplicat, cum altul s\u0103 se fi numit dec\u00e2t Ion Creang\u0103 (<\/span><\/span><\/span><span style=\"color: #000000;\"><span style=\"font-size: large;\">(1837-1889)<\/span><\/span><span style=\"color: #000000;\"><span style=\"font-size: large;\"><span lang=\"ro-RO\">. Pus pe ro\u021bile talentului de prietenul s\u0103u de o via\u021b\u0103 Mihai Eminescu, omul \u0103sta chiar merita un muzeu memorial &#8211; mic, plin de c\u0103ldura atmosferei, dichisit, \u00een care te conduc cei mai de suflet custozi culturali pe care i-am \u00eent\u00e2lnit pe meleagurile noastre. \u00ce\u021bi vorbesc despre Creang\u0103 ca \u0219i cum azi diminea\u021b\u0103 a plecat la \u0219coal\u0103, iar la pr\u00e2nz avea deja 20 de ani. Poanta cea mai tare este c\u0103 al\u0103turi de Casa memorial\u0103 <\/span><\/span><\/span><span style=\"color: #000000;\"><span style=\"font-size: large;\"><span lang=\"\">din<\/span><\/span><\/span><span style=\"color: #000000;\"><span style=\"font-size: large;\"><span lang=\"ro-RO\"> inima<\/span><\/span><\/span><span style=\"color: #000000;\"><span style=\"font-size: large;\"><span lang=\"\">\u00a0Humule\u0219ti<\/span><\/span><\/span><span style=\"color: #0000ff;\"><span style=\"font-size: medium;\"><u><span style=\"color: #000000;\"><span style=\"font-size: large;\"><span lang=\"ro-RO\">ului (<\/span><\/span><\/span><\/u><\/span><\/span><span style=\"color: #000000;\"><span style=\"font-size: large;\">Creanga a locuit <\/span><\/span><span style=\"color: #000000;\"><span style=\"font-size: large;\"><span lang=\"ro-RO\">aici de la na\u0219tere p\u00e2n\u0103 \u00een <\/span><\/span><\/span><span style=\"color: #000000;\"><span style=\"font-size: large;\">1846, apoi cu<\/span><\/span><span style=\"color: #000000;\"><span style=\"font-size: large;\"><span lang=\"ro-RO\"> \u00eentreruperi p\u00e2n\u0103 prin <\/span><\/span><\/span><span style=\"color: #000000;\"><span style=\"font-size: large;\">1855<\/span><\/span><span style=\"color: #000000;\"><span style=\"font-size: large;\"><span lang=\"ro-RO\">, iar obiectivul face parte din Patrimoniul na\u021bional)\u02dd,<\/span><\/span><\/span><span style=\"color: #0000ff;\"><span style=\"font-size: medium;\"><span style=\"color: #000000;\"><span style=\"font-size: large;\"><span lang=\"ro-RO\"> m\u0103turat\u0103 \u0219i v\u0103ruit\u0103 se afl\u0103, chiar gard \u00een gard, un Parc tematic. Unic, dup\u0103 cuno\u0219tin\u021bele noastre, dedicat unui scriitor, \u00een cazul de fa\u021b\u0103 creatorului lui Nic\u0103 al Petrei. Dac\u0103 muzeul, Casa Memorial\u0103 \u201dIon Creang\u0103\u201d este administrat de stat, Parcul tematic cu acela\u0219i nume s-a n\u0103scut dintr-o ini\u021biativ\u0103 privat\u0103 a unei Humule\u0219tence get beget. Niculina G\u00e2rne\u021b a cump\u0103rat terenul pe care a amenajat parcul de la un str\u0103nepot al lui Creang\u0103, ce locuia la Boto\u0219ani. Banii, conteaz\u0103 \u0219i nu prea, pentru c\u0103 investi\u021bia se vede cu ochiul liber a fost f\u0103cut\u0103 nu pentru profit (un bilet \u00eentreg e 2 lei), ci mai ales pentru sufletul a zeci de genera\u021bii care au fost, sunt \u0219i vor urma, s\u0103 se delecteze cu pove\u0219tilor nemuritoare scrise de Creang\u0103. Cei 200 de milioane de lei &#8211; 20.000 de lei noi -, au ajutat la fondarea Parcului \u00een 2004, la comandarea \u0219i procurarea exponatelor \u0219i figurilor din ghips, executate de un me\u0219ter bra\u0219ovean \u0219i a animalelor \u00eemp\u0103iate de Petru Arhire, un pasionat profesor din T\u00e2rgu Neam\u021b. Dac\u0103 la \u00eenceput localnicii au manifestat mici rezerve, c\u00e2nd au v\u0103zut ce a ie\u0219it, \u0219i-au schimbat p\u0103rerea cu 180 de grade. Mai mult unii dintre ei au devenit promotori voluntari ai acestui loc cu dou\u0103 atrac\u021bii &#8211; una conven\u021bional\u0103, alta inedit\u0103 -, ce readuc \u00een prim plan un uria\u0219 povestitor ce l-a creat pentru \u201dAmintiri din copil\u0103rie\u201d pe autobiograficul Nic\u0103 al <\/span><\/span><\/span><\/span><\/span><span style=\"color: #0000ff;\"><span style=\"font-size: medium;\"><span style=\"color: #000000;\"><span style=\"font-size: large;\">lui <\/span><\/span><\/span><\/span><span style=\"color: #0000ff;\"><span style=\"font-size: medium;\"><span style=\"color: #000000;\"><span style=\"font-size: large;\"><span lang=\"ro-RO\">\u0218tefan al Petrei.<\/span><\/span><\/span><\/span><\/span><\/span><\/p>\n<p lang=\"en-US\"><span style=\"font-size: medium;\"><span style=\"color: #0000ff;\"><span style=\"font-size: medium;\"><span style=\"color: #000000;\"><span style=\"font-size: large;\"><span lang=\"ro-RO\">Cred c\u0103 poate fi considerat un Harry Potter al spa\u021biului moldav, din toate vremurile. C\u0103ci, \u0219tim cu to\u021bii c\u0103 pove\u0219tile sunt nemuritoare. \u0218i ce Hall of Fame \u00eent\u00e2lnim \u00een Parcul tematic! La gra\u021bioasa \u0219i atenta Capr\u0103 cu trei iezi, saliveaz\u0103 cu \u0219iretenie lupul, mai \u00eencolo sub un copac \u00ee\u0219i linge r\u0103nile ursul p\u0103c\u0103lit de vulpe, coco\u0219ul \u021bine tare de <\/span><\/span><\/span><\/span><\/span><span style=\"color: #0000ff;\"><span style=\"font-size: medium;\"><span style=\"color: #000000;\"><span style=\"font-size: large;\">P<\/span><\/span><\/span><\/span><span style=\"color: #0000ff;\"><span style=\"font-size: medium;\"><span style=\"color: #000000;\"><span style=\"font-size: large;\"><span lang=\"ro-RO\">ungu\u021ba cu doi bani (aten\u021bie, criza pare s\u0103 cucurigeasc\u0103 el, nu s-a \u00eencheiat), m\u0103tu\u0219a M\u0103rioara \u0219i Sm\u0103r\u0103ndi\u021ba \u00eel caut\u0103 din priviri pe Ionic\u0103 plecat s\u0103 prind\u0103 Pup\u0103za din tei. Peste to\u021bi vegheaz\u0103 privirea atent\u0103 a lui Mo\u0219 Chiorpec, care a\u0219teapt\u0103 la pingelit \u00eenc\u0103l\u021b\u0103rile f\u0103cute praf de dracii neast\u00e2mp\u0103ra\u021bi. \u00cen spatele acestui spectacol permanent care fascineaz\u0103 copiii dar \u0219i oamenii mari, mai multe camere ad\u0103postesc o colec\u021bie impresionant\u0103 de scule, costume, elemente casnice, r\u0103zboaie de cusut, obiecte specifice zonei care ne permit s\u0103 \u00een\u021belegem azi ce am fost \u0219i ce am devenit. Mari devoratori de pove\u0219ti \u0219i a\u0219a trebuie s\u0103 r\u0103m\u00e2nem. Mai un pe\u0219te, un \u0219oric, omul mare a fost mic. \u0218i pentru asta un covor de mul\u021bumiri la picioarele lui Creang\u0103 dar \u0219i al Niculinei G\u00e2rne\u021b, o investitoare cultural\u0103 care a f\u0103cut ca lumea s\u0103 fie mai mare. \u0218i mai frumoas\u0103.<\/span><\/span><\/span><\/span><\/span><\/span><\/p>\n<p><span style=\"text-decoration: underline;\"><span style=\"font-size: medium;\"><span style=\"color: #0000ff; text-decoration: underline;\"><span style=\"font-size: medium;\"><span style=\"color: #000000; text-decoration: underline;\"><span style=\"font-size: large;\"><span lang=\"ro-RO\">MARIAN CONSTANTINESCU<\/span><\/span><\/span><\/span><\/span><\/span><\/span><span style=\"color: #000000;\"><span style=\"font-size: large;\"><strong><br \/>\n_______________________________<br \/>\nB<span lang=\"ro-RO\">\u0102<\/span>ILE HERCULANE &#8211; <\/strong><span lang=\"ro-RO\"><strong>\u00eentre zei, miracole \u0219i muritori<\/strong> <\/span><\/span><\/span><\/p>\n<p><span style=\"color: #000000;\"><span style=\"font-size: large;\"><span lang=\"ro-RO\">E imposibil s\u0103 nu te sim\u021bi bine la evenimentele organizate de c\u0103tre <\/span> Asocia\u021bia Pro Turism Herculane<span lang=\"ro-RO\">. V\u0103 anun\u021bm num\u0103rul trecut c\u0103 seria de conferin\u021be a <\/span>ajuns la a VI-a edi\u021bie.<span lang=\"ro-RO\"> \u0218i c\u0103 organizatorii vor pentru viitoarea sesiune, din prim\u0103var\u0103, s\u0103 fac\u0103 o dezbatere interna\u021bional\u0103 di grande.<br \/>\n<a href=\"http:\/\/www.travellermagazin.ro\/arhiva\/wp-content\/uploads\/2017\/04\/Herculane-piscina-lAfrodita.jpg\" rel=\"attachment wp-att-5540\"><img loading=\"lazy\" decoding=\"async\" class=\"alignnone wp-image-5540 size-full\" src=\"http:\/\/www.travellermagazin.ro\/arhiva\/wp-content\/uploads\/2017\/04\/Herculane-piscina-lAfrodita.jpg\" alt=\"Herculane piscina lAfrodita\" width=\"1024\" height=\"680\" srcset=\"http:\/\/www.travellermagazin.ro\/arhiva\/wp-content\/uploads\/2017\/04\/Herculane-piscina-lAfrodita.jpg 1024w, http:\/\/www.travellermagazin.ro\/arhiva\/wp-content\/uploads\/2017\/04\/Herculane-piscina-lAfrodita-300x199.jpg 300w, http:\/\/www.travellermagazin.ro\/arhiva\/wp-content\/uploads\/2017\/04\/Herculane-piscina-lAfrodita-768x510.jpg 768w\" sizes=\"auto, (max-width: 1024px) 100vw, 1024px\" \/><\/a><br \/>\n<\/span><\/span><\/span><\/p>\n<p><span style=\"color: #000000;\"><span style=\"font-size: large;\"><span lang=\"ro-RO\">Era de a\u0219teptat ca \u0219i la recenta edi\u021bie s\u0103 apar\u0103 invita\u021bi \u0219i prezentatori surprinz\u0103tori. De data aceasta au fost mai pu\u021bini arheologi, istorici, profesori, teoreticieni \u0219i am putea spune c\u0103 tot ce am auzit \u0219i f\u0103cut a fost \u0219ocant de pl\u0103cut. Asta pentru c\u0103 al\u0103turi de jurnali\u0219ti, blogeri, exper\u021bi \u0219i consultan\u021bi \u00een turism, ne-au luat pulsul ni\u0219te fete frumoase \u0219i de\u0219tepte care ne-au trimis la munc\u0103 prin sesiuni de exerci\u021bii de repunere \u00een form\u0103. De fapt \u0103sta a \u0219i fost scopul Conferin\u021bei \u201dMai mult dec\u00e2t ap\u0103 &#8211; Wellness, energie \u0219i via\u021b\u0103\u201d. <\/span>Laura P\u0103tru, <span lang=\"ro-RO\">specialista cu comunicarea<\/span> <span lang=\"ro-RO\">al <\/span>Asocia\u021bi<span lang=\"ro-RO\">ei<\/span> Pro Turism Herculane<span lang=\"ro-RO\"> a subliniat c\u0103 reflectoarele au fost aprinse pe promovarea preven\u021biei \u0219i a unui stil de via\u021b\u0103 s\u0103n\u0103tos \u0219i pe valorificarea corect\u0103 a resurselor naturale \u0219i istorice ale zonei. De fapt axul tematic \u00een jurul c\u0103ruia au gravitat \u0219i edi\u021biile anterioare.<br \/>\n<\/span><\/span><\/span><\/p>\n<div id='gallery-2' class='gallery galleryid-5524 gallery-columns-4 gallery-size-thumbnail'><dl class='gallery-item'>\n\t\t\t<dt class='gallery-icon landscape'>\n\t\t\t\t<a href='http:\/\/www.travellermagazin.ro\/arhiva\/2017\/04\/19\/ionica-acest-harry-potter-al-moldovei-redescopera-romania-nr-153\/herculane-hoteluri-129\/'><img loading=\"lazy\" decoding=\"async\" width=\"150\" height=\"150\" src=\"http:\/\/www.travellermagazin.ro\/arhiva\/wp-content\/uploads\/2017\/04\/Herculane-Hoteluri-129-150x150.jpg\" class=\"attachment-thumbnail size-thumbnail\" alt=\"\" \/><\/a>\n\t\t\t<\/dt><\/dl><dl class='gallery-item'>\n\t\t\t<dt class='gallery-icon landscape'>\n\t\t\t\t<a href='http:\/\/www.travellermagazin.ro\/arhiva\/2017\/04\/19\/ionica-acest-harry-potter-al-moldovei-redescopera-romania-nr-153\/herculane-parc-099\/'><img loading=\"lazy\" decoding=\"async\" width=\"150\" height=\"150\" src=\"http:\/\/www.travellermagazin.ro\/arhiva\/wp-content\/uploads\/2017\/04\/Herculane-parc-099-150x150.jpg\" class=\"attachment-thumbnail size-thumbnail\" alt=\"\" \/><\/a>\n\t\t\t<\/dt><\/dl><dl class='gallery-item'>\n\t\t\t<dt class='gallery-icon landscape'>\n\t\t\t\t<a href='http:\/\/www.travellermagazin.ro\/arhiva\/2017\/04\/19\/ionica-acest-harry-potter-al-moldovei-redescopera-romania-nr-153\/herculane-piscina-lafrodita-2\/'><img loading=\"lazy\" decoding=\"async\" width=\"150\" height=\"150\" src=\"http:\/\/www.travellermagazin.ro\/arhiva\/wp-content\/uploads\/2017\/04\/Herculane-piscina-lAfrodita-1-150x150.jpg\" class=\"attachment-thumbnail size-thumbnail\" alt=\"\" \/><\/a>\n\t\t\t<\/dt><\/dl><dl class='gallery-item'>\n\t\t\t<dt class='gallery-icon portrait'>\n\t\t\t\t<a href='http:\/\/www.travellermagazin.ro\/arhiva\/2017\/04\/19\/ionica-acest-harry-potter-al-moldovei-redescopera-romania-nr-153\/herculane-simpozion-048\/'><img loading=\"lazy\" decoding=\"async\" width=\"150\" height=\"150\" src=\"http:\/\/www.travellermagazin.ro\/arhiva\/wp-content\/uploads\/2017\/04\/Herculane-simpozion-048-150x150.jpg\" class=\"attachment-thumbnail size-thumbnail\" alt=\"\" \/><\/a>\n\t\t\t<\/dt><\/dl><br style=\"clear: both\" \/>\n\t\t<\/div>\n\n<p><span style=\"color: #000000;\"><span style=\"font-size: large;\">,,Vrem s\u0103 demonstr\u0103m c\u0103 \u00eentr-un mediu competitiv al wellness-ului \u0219i Herculane poate avea un cuv\u00e2nt de spus prin investi\u021biile constante ale mediului privat, \u0219i c\u0103 acesta are toate resursele necesare pentru a oferi pachetul complet de s\u0103n\u0103tate \u0219i relaxare: aer ionizat negativ, ape termale \u0219i o multitudine de activit\u0103\u021bi sportive. Herculane \u00een acest moment are nevoie de un suflu t\u00e2n\u0103r, de viziune \u0219i de c\u00e2t mai multe proiecte noi. Din acest motiv am ales s\u0103 avem la aceast\u0103 edi\u021bie, oameni tineri din toate col\u021burile \u021b\u0103rii care au entuziasmul necesar \u0219i dorin\u021ba de implicare pentru a produce o diferen\u021b\u0103<span lang=\"ro-RO\">. Asocia\u021bia Pro Turism<\/span> nu \u00eenseamn\u0103 numai comunitatea celor ce locuiesc aici, pentru c\u0103 Herculane nu este numai al nostru. Apele termale, frumuse\u021bea zonei \u0219i miracolul naturii nu ne-am propus s\u0103 le p\u0103str\u0103m doar pentru noi, sunt ale tuturor iar scopul nostru este s\u0103 le promov\u0103m, pentru c\u0103 ele merit\u0103 s\u0103 fie cunoscute, apreciate \u0219i valorificate<span lang=\"ro-RO\">\u201d &#8211; sublinia Marinela Badea, pre\u0219edintele Pro Turism Herculane<\/span>,<span lang=\"ro-RO\"> \u00een sala de conferin\u021be a <\/span>Afrodita Resort &amp; Spa<span lang=\"ro-RO\"> din sta\u021biune. <\/span><\/span><\/span><\/p>\n<p lang=\"ro-RO\"><span style=\"color: #000000;\"><span style=\"font-size: large;\">Au f\u0103cut show \u0219i ne-am dat \u00een spectacol cu Mihaela Dumitru (Wellness Influencer. Specialist \u00een nutri\u021bie \u0219i preparator fizic) care a vorbit despre \u201dBun\u0103starea din \u0219i prin ap\u0103\u201d. O prezentare energizant\u0103 din care am extras idei benefice: apa este un mijloc de comunicare; apa este un magnet pentru istoria construc\u021biilor comunitare de-a lungul istoriei; apa termal\u0103 este nu numai miracolul zeilor, ci \u0219i cadoul f\u0103cut de ace\u0219tia oamenilor; exist\u0103 o chimie a corpului care contribuie la echilibrarea st\u0103rii de bine \u00een via\u021ba noastr\u0103. Ioana Marian (Ambasador Global Wellness Day \u00een Rom\u00e2nia) a punctat la \u201dOportunit\u0103\u021bile de dezvoltare a turismului Spa &amp; Wellness la B\u0103ile Herculane\u201d. Invitata a ar\u0103tat c\u0103 \u00een 2015 s-au \u00eencasat la nivel na\u021bional 7,7 milioane de euro din segmentul spa, relaxare \u0219i preven\u021bie. Poten\u021bialul este \u00eens\u0103 uria\u0219. Europenii fac cele mai multe c\u0103l\u0103torii pentru segmentul de \u00eentre\u021binere dar primii \u00een ceea ce prive\u0219te cheltuielile sunt nord-americanii. Promisiunea slogan nu mai este doar \u201dtinere\u021be f\u0103r\u0103 b\u0103tr\u00e2ne\u021be\u201d, ci mai ales \u201dMen\u021bine\u021bi trupul s\u0103n\u0103tos \u0219i noi v\u0103 d\u0103m mintea \u00eenapoi!\u201d. \u00cen lume se na\u0219te un nou concept &#8211; Staycation\u201d, care se exprim\u0103 prin construirea de oaze de s\u0103n\u0103tate \u00een vecin\u0103tatea metropolelor sau a marilor zone urbane. Astfel vacan\u021bele se vor reduce la circa 2-3 zile, preponderent spre weekend, fa\u021b\u0103 de 7-8 zile, iar oferta este \u00een curs de updatare. Efectele pentru \u00eentre\u021binerea s\u0103n\u0103t\u0103\u021bii vor fi din ce \u00een ce mai concentrate \u0219i&#8230; costisitoare, adic\u0103 benefice pentru turismul de wellness. Segment va cre\u0219te \u00een urm\u0103torii ani cu o rat\u0103 de 2,8 comparativ cu doar 1,9% c\u00eet au consemnat ultimii ani. Despre comportamentul clien\u021bilor \u0219i ce caut\u0103 ace\u0219tia \u00eentr-o unitate turistic\u0103 balnear\u0103 s-a exprimat cu pasiune blogerul \u0219i specialistul \u00een PR Mirela Surghie; despre managementul calit\u0103\u021bii \u0219i al stresului \u00een afaceri, s-a pronun\u021bat Dan Anghelescu, proprietar de agen\u021bie de turism \u0219i specialist \u00een turism. Cum po\u021bi deveni competitiv prin promovare a fost \u00eentrebarea la care a oferit solu\u021bii Traian B\u0103dulescu, jurnalist \u0219i consultant \u00een turism. Toat\u0103 lumea a aplaudat \u00een final presta\u021bia lui Florin Arjocu, ghid de turism c\u0103ruia \u00eei place s\u0103 se prezinte ca&#8230; povestitor \u0219i c\u0103l\u0103tor al Rom\u00e2niei frumoase. Am remarcat prezen\u021ba Ambasadorilor B\u0103ilor Herculane, o mare parte din ei membrii ai Clubului Presei de Turism &#8211; FIJET Rom\u00e2nia. Printre ei se num\u0103r\u0103 \u0219i autorul articolului.<\/span><\/span><\/p>\n<p><span style=\"color: #000000;\"><span style=\"font-size: large;\"><span lang=\"ro-RO\"><strong>MARIAN CONSTANTINESCU<\/strong> <\/span> <\/span><\/span><\/p>\n<p lang=\"en-US\">\n","protected":false},"excerpt":{"rendered":"<p>Post Views = 676Nu ave\u021bi timp \u0219i nici bani s\u0103 ajunge\u021bi \u00een parcurile de distrac\u021bii ori tematice din California, Florida ori din Las Vegas sau m\u0103car la Disney Land din Paris? Nu e nicio problem\u0103. Merge\u021bi pe m\u00e2na noastr\u0103. Dac\u0103 &hellip; <a href=\"http:\/\/www.travellermagazin.ro\/arhiva\/2017\/04\/19\/ionica-acest-harry-potter-al-moldovei-redescopera-romania-nr-153\/\">Continu\u0103 s\u0103 cite\u0219ti <span class=\"meta-nav\">&rarr;<\/span><\/a><\/p>\n","protected":false},"author":1,"featured_media":5548,"comment_status":"open","ping_status":"open","sticky":false,"template":"","format":"gallery","meta":{"footnotes":""},"categories":[1575,25],"tags":[289,1585,35,1584],"class_list":["post-5524","post","type-post","status-publish","format-gallery","has-post-thumbnail","hentry","category-numarul-153-154","category-redescopera-romania","tag-baile-herculane","tag-herculane","tag-redescopera-romania-2","tag-targu-neamt","post_format-post-format-gallery"],"_links":{"self":[{"href":"http:\/\/www.travellermagazin.ro\/arhiva\/wp-json\/wp\/v2\/posts\/5524","targetHints":{"allow":["GET"]}}],"collection":[{"href":"http:\/\/www.travellermagazin.ro\/arhiva\/wp-json\/wp\/v2\/posts"}],"about":[{"href":"http:\/\/www.travellermagazin.ro\/arhiva\/wp-json\/wp\/v2\/types\/post"}],"author":[{"embeddable":true,"href":"http:\/\/www.travellermagazin.ro\/arhiva\/wp-json\/wp\/v2\/users\/1"}],"replies":[{"embeddable":true,"href":"http:\/\/www.travellermagazin.ro\/arhiva\/wp-json\/wp\/v2\/comments?post=5524"}],"version-history":[{"count":4,"href":"http:\/\/www.travellermagazin.ro\/arhiva\/wp-json\/wp\/v2\/posts\/5524\/revisions"}],"predecessor-version":[{"id":5550,"href":"http:\/\/www.travellermagazin.ro\/arhiva\/wp-json\/wp\/v2\/posts\/5524\/revisions\/5550"}],"wp:featuredmedia":[{"embeddable":true,"href":"http:\/\/www.travellermagazin.ro\/arhiva\/wp-json\/wp\/v2\/media\/5548"}],"wp:attachment":[{"href":"http:\/\/www.travellermagazin.ro\/arhiva\/wp-json\/wp\/v2\/media?parent=5524"}],"wp:term":[{"taxonomy":"category","embeddable":true,"href":"http:\/\/www.travellermagazin.ro\/arhiva\/wp-json\/wp\/v2\/categories?post=5524"},{"taxonomy":"post_tag","embeddable":true,"href":"http:\/\/www.travellermagazin.ro\/arhiva\/wp-json\/wp\/v2\/tags?post=5524"}],"curies":[{"name":"wp","href":"https:\/\/api.w.org\/{rel}","templated":true}]}}