{"id":5413,"date":"2017-04-02T23:03:35","date_gmt":"2017-04-02T21:03:35","guid":{"rendered":"http:\/\/www.travellermagazin.ro\/arhiva\/?p=5413"},"modified":"2017-04-03T00:15:53","modified_gmt":"2017-04-02T22:15:53","slug":"baile-herculane-apa-wellness-si-viata-evenimente-nr-152","status":"publish","type":"post","link":"http:\/\/www.travellermagazin.ro\/arhiva\/2017\/04\/02\/baile-herculane-apa-wellness-si-viata-evenimente-nr-152\/","title":{"rendered":"B\u0102ILE HERCULANE: Ap\u0103, wellness \u015fi via\u0163\u0103, EVENIMENTE nr.152"},"content":{"rendered":"<a  href='http:\/\/www.travellermagazin.ro\/arhiva\/wp-admin\/options-general.php?page=post_views' class='entry-meta' style='text-align:center'><b>Post Views<\/a><\/b> = 560<br\/><p><span style=\"color: #000000;\"><span style=\"font-size: large;\">Acestea sunt coordonatele <span style=\"font-family: Times New Roman CE,serif;\">celei de-a VI-a Conferin\u0163e, serie a c\u0103rui ini\u0163iator este Asocia<\/span><span style=\"font-family: Tahoma,sans-serif;\">\u021b<\/span>ia Pro Turism Herculane. De la debut, \u00een aprilie 2014, evenimentele au reunit peste 700 de speciali<span style=\"font-family: Tahoma,sans-serif;\">\u0219<\/span>ti din domeniul medical, operatori <span style=\"font-family: Tahoma,sans-serif;\">\u0219<\/span><span style=\"font-family: Times New Roman CE,serif;\">i autorit\u0103<\/span><span style=\"font-family: Tahoma,sans-serif;\">\u021b<\/span>i din turismul rom\u00e2nesc dar <span style=\"font-family: Tahoma,sans-serif;\">\u0219<\/span>i de peste hotare. Noua edi<span style=\"font-family: Tahoma,sans-serif;\">\u021b<\/span>ie a avut ca generic \u201e<span style=\"font-family: Times New Roman CE,serif;\">B\u0103ile Herculane, mai mult dec\u00e2t ap\u0103 \u2013 Wellness, energie <\/span><span style=\"font-family: Tahoma,sans-serif;\">\u0219<\/span>i via<span style=\"font-family: Tahoma,sans-serif;\">\u021b<\/span><span style=\"font-family: Times New Roman CE,serif;\">\u0103\u201d \u015fi a atras exper\u0163i \u015fi speciali\u015fti din acest domeniu sau de pe segmente conexe.<br \/>\n<a href=\"http:\/\/www.travellermagazin.ro\/arhiva\/wp-content\/uploads\/2017\/04\/Ev.-Herculane-023.jpg\" rel=\"attachment wp-att-5449\"><img loading=\"lazy\" decoding=\"async\" class=\"alignnone size-full wp-image-5449\" src=\"http:\/\/www.travellermagazin.ro\/arhiva\/wp-content\/uploads\/2017\/04\/Ev.-Herculane-023.jpg\" alt=\"Ev. Herculane 023\" width=\"1024\" height=\"768\" srcset=\"http:\/\/www.travellermagazin.ro\/arhiva\/wp-content\/uploads\/2017\/04\/Ev.-Herculane-023.jpg 1024w, http:\/\/www.travellermagazin.ro\/arhiva\/wp-content\/uploads\/2017\/04\/Ev.-Herculane-023-300x225.jpg 300w, http:\/\/www.travellermagazin.ro\/arhiva\/wp-content\/uploads\/2017\/04\/Ev.-Herculane-023-768x576.jpg 768w\" sizes=\"auto, (max-width: 1024px) 100vw, 1024px\" \/><\/a><br \/>\n<\/span><\/span><\/span><\/p>\n<p><span style=\"color: #000000;\"> <span style=\"font-size: large;\">Conferin<span style=\"font-family: Tahoma,sans-serif;\">\u021b<\/span><span style=\"font-family: Times New Roman CE,serif;\">a g\u0103zduit\u0103 de Hotelul Afrodita <\/span>\u2013 de unde nu<span style=\"font-family: Times New Roman CE,serif;\"> au lipsit Ambasadorii B\u0103ilor Herculane<\/span> -, <span style=\"font-family: Times New Roman CE,serif;\"> \u015fi-a propus s\u0103 dezvolte promovarea <\/span><span style=\"font-family: Tahoma,sans-serif;\">\u0219<\/span>i prezentarea terapiilor ce folosesc ap<span style=\"font-family: Times New Roman CE,serif;\">ele cu propriet\u0103<\/span><span style=\"font-family: Tahoma,sans-serif;\">\u021b<\/span>i speciale ale zonei, \u00een contextul noilor tendin<span style=\"font-family: Tahoma,sans-serif;\">\u021b<\/span>e de wellness din Europa. Un punct central al asocia<span style=\"font-family: Tahoma,sans-serif;\">\u021b<\/span><span style=\"font-family: Times New Roman CE,serif;\">iei r\u0103m\u00e2ne \u00een continuare promovarea preven<\/span><span style=\"font-family: Tahoma,sans-serif;\">\u021b<\/span>iei c\u00e2t <span style=\"font-family: Tahoma,sans-serif;\">\u0219<\/span>i a unui stil de via<span style=\"font-family: Tahoma,sans-serif;\">\u021b<\/span><span style=\"font-family: Times New Roman CE,serif;\">\u0103 s\u0103n\u0103tos <\/span><span style=\"font-family: Tahoma,sans-serif;\">\u0219<\/span><span style=\"font-family: Times New Roman CE,serif;\">i o valorificare corect\u0103 a resurselor naturale <\/span><span style=\"font-family: Tahoma,sans-serif;\">\u0219<\/span>i istorice ale zonei.<span style=\"font-family: Times New Roman CE,serif;\"> ,, Ne bucur\u0103m c\u0103 echipa noastr\u0103 <\/span><span style=\"font-family: Tahoma,sans-serif;\">\u0219<\/span><span style=\"font-family: Times New Roman CE,serif;\">i num\u0103rul membrilor asocia<\/span><span style=\"font-family: Tahoma,sans-serif;\">\u021b<\/span><span style=\"font-family: Times New Roman CE,serif;\">iei a crescut considerabil \u00een ultimul an, ceea ce ne d\u0103 \u00eencrederea nu numai c\u0103 suntem pe drumul cel bun dar \u015fi c\u0103 sta\u0163iunea are un viitor certificat de resursele naturale<\/span>. Aceste <span style=\"font-family: Times New Roman CE,serif;\">evenimente sunt o ocazie minunat\u0103 ca to<\/span><span style=\"font-family: Tahoma,sans-serif;\">\u021b<\/span>i cei implica<span style=\"font-family: Tahoma,sans-serif;\">\u021b<\/span><span style=\"font-family: Times New Roman CE,serif;\">i \u00een dezvoltarea zonei s\u0103 profite de platforma de comunicarea deja realizat\u0103, loc unde <\/span>putem genera proiecte pentru viitor\u201d \u2013 a declarat Marinela Badea, pre<span style=\"font-family: Tahoma,sans-serif;\">\u0219<\/span>edintele Asocia<span style=\"font-family: Tahoma,sans-serif;\">\u021b<\/span>iei Pro Turism Herculane. Det<span style=\"font-family: Times New Roman CE,serif;\">alii despre con\u0163inutul dezbaterilor \u00een num\u0103rul viitor.<\/span><\/span><\/span><\/p>\n<p><span style=\"color: #000000;\"><span style=\"font-size: large;\"><strong>MARIAN CONSTANTINESCU<\/strong><br \/>\n<span style=\"font-family: Times New Roman CE,serif;\"><strong>Ambasador al B\u0103ilor Herculane<\/strong> <\/span><\/span><\/span><\/p>\n<p align=\"LEFT\"><strong><span style=\"color: #000000;\"><span style=\"font-size: large;\">MYIA KOSEI: \u201c<span lang=\"ro-RO\">M\u00e3 fascineaz\u00e3 frumusetea din sufletul rom\u00e2nilor!\u201d<\/span><br \/>\n<a href=\"http:\/\/www.travellermagazin.ro\/arhiva\/wp-content\/uploads\/2017\/04\/Ev.Miya-Kosei-020.jpg\" rel=\"attachment wp-att-5450\"><img loading=\"lazy\" decoding=\"async\" class=\"alignnone size-full wp-image-5450\" src=\"http:\/\/www.travellermagazin.ro\/arhiva\/wp-content\/uploads\/2017\/04\/Ev.Miya-Kosei-020.jpg\" alt=\"Ev.Miya Kosei 020\" width=\"768\" height=\"1024\" srcset=\"http:\/\/www.travellermagazin.ro\/arhiva\/wp-content\/uploads\/2017\/04\/Ev.Miya-Kosei-020.jpg 768w, http:\/\/www.travellermagazin.ro\/arhiva\/wp-content\/uploads\/2017\/04\/Ev.Miya-Kosei-020-225x300.jpg 225w\" sizes=\"auto, (max-width: 768px) 100vw, 768px\" \/><\/a><br \/>\n<\/span><\/span><\/strong><\/p>\n<p align=\"LEFT\"><span style=\"color: #000000;\"><span style=\"font-size: large;\">Ceain\u00e3ria C\u00e3rture<span style=\"font-family: Tahoma,sans-serif;\">\u0219<\/span>ti Verona din Capital\u00e3 a fost din nou martorul unei declara\u00feii de dragoste. Ea a fost f\u00e3cut\u00e3 de artistul nipon Myia Kosei care face fotografii \u00een Rom\u00e2nia de mai bine de 5 decenii. Evenimentul a fost personalizat prin lansarea albumului dedicat Maramure<span style=\"font-family: Tahoma,sans-serif;\">\u0219<\/span>ului. \u201eFotografiile \u00een culori sunt un teatru \u00een culori. Cum spunea Goethe, toate culorile sunt vectori \u00eentre alb <span style=\"font-family: Tahoma,sans-serif;\">\u0219<\/span>i negru. Ele se \u00eentre<span style=\"font-family: Tahoma,sans-serif;\">\u021b<\/span>es unele cu altele \u00eentr-un fel subtil, pentru a pune \u00een scen\u00e3 un spectacol minunat. Ele compun poeme. Goethe spunea c\u00e3 ele apar \u00een coloaborarea dintre frumuse<span style=\"font-family: Tahoma,sans-serif;\">\u021b<\/span>ea naturii <span style=\"font-family: Tahoma,sans-serif;\">\u0219<\/span>i sim<span style=\"font-family: Tahoma,sans-serif;\">\u021b<\/span>ul omenesc al vederii.<br \/>\n<a href=\"http:\/\/www.travellermagazin.ro\/arhiva\/wp-content\/uploads\/2017\/04\/Ev-Miya-Kosei-33.jpg\" rel=\"attachment wp-att-5451\"><img loading=\"lazy\" decoding=\"async\" class=\"alignnone size-full wp-image-5451\" src=\"http:\/\/www.travellermagazin.ro\/arhiva\/wp-content\/uploads\/2017\/04\/Ev-Miya-Kosei-33.jpg\" alt=\"Ev Miya Kosei 33\" width=\"1024\" height=\"628\" srcset=\"http:\/\/www.travellermagazin.ro\/arhiva\/wp-content\/uploads\/2017\/04\/Ev-Miya-Kosei-33.jpg 1024w, http:\/\/www.travellermagazin.ro\/arhiva\/wp-content\/uploads\/2017\/04\/Ev-Miya-Kosei-33-300x184.jpg 300w, http:\/\/www.travellermagazin.ro\/arhiva\/wp-content\/uploads\/2017\/04\/Ev-Miya-Kosei-33-768x471.jpg 768w\" sizes=\"auto, (max-width: 1024px) 100vw, 1024px\" \/><\/a><br \/>\n<\/span><\/span><\/p>\n<p align=\"LEFT\"><span style=\"color: #000000;\"><span style=\"font-size: large;\">Sunt foarte atras de frumuse<span style=\"font-family: Tahoma,sans-serif;\">\u021b<\/span>ea natural\u00e3 <span style=\"font-family: Tahoma,sans-serif;\">\u0219<\/span>i de frumuse<span style=\"font-family: Tahoma,sans-serif;\">\u021b<\/span>ea din sufletele oamenilor. Rom\u00e2nii dau mereu o compozi<span style=\"font-family: Tahoma,sans-serif;\">\u021b<\/span>ie de o form\u00e3 minunat\u00e3\u201d \u2013 aprecia Myia Kosei. Virgil <span style=\"font-family: Tahoma,sans-serif;\">\u0218<\/span>tefan Ni<span style=\"font-family: Tahoma,sans-serif;\">\u021b<\/span>ulescu, redactor-<span style=\"font-family: Tahoma,sans-serif;\">\u0219<\/span>ef al Revistei muzeelor considera la r\u00e2ndul s\u00e3u c\u00e3 \u201cMyia Kosei e sedus funciarmente, de peisajul creat de omul tradi<span style=\"font-family: Tahoma,sans-serif;\">\u021b<\/span>ional. El ne spune c\u00e3 via<span style=\"font-family: Tahoma,sans-serif;\">\u021b<\/span>a satelelor maramure<span style=\"font-family: Tahoma,sans-serif;\">\u0219<\/span>ene se schimb\u00e3, dar nu este cazul s\u00e3 \u00eei for<span style=\"font-family: Tahoma,sans-serif;\">\u021b<\/span>\u00e3m pe ace<span style=\"font-family: Tahoma,sans-serif;\">\u0219<\/span>ti oameni s\u00e3 adopte schimbarea de dragul acesteia, a<span style=\"font-family: Tahoma,sans-serif;\">\u0219<\/span>a cum ar fi o prostie s\u00e3 \u00eei \u00eendrep\u00e3rt\u00e3m, \u00een ritm gimnastic, de sensurile leg\u00e3turilor tainice cu str\u00e3mo<span style=\"font-family: Tahoma,sans-serif;\">\u0219<\/span>ii.\u201d<\/span><\/span><\/p>\n<p>MARIAN CONSTANTINESCU<\/p>\n<p align=\"LEFT\"><strong><span style=\"color: #000000;\"><span style=\"font-size: large;\">@ 250 DE COMPANII LA ROMEXPO<\/span><\/span><\/strong><\/p>\n<p align=\"LEFT\"><span style=\"color: #000000;\"> <span style=\"font-size: large;\"><span style=\"font-family: Times New Roman CE,serif;\">\u00centre 17 \u015fi 20 noiembrie s-a desf\u0103\u015f<\/span>urat la Complexul Romexpo <span style=\"font-family: Times New Roman CE,serif;\">din Bucure\u015fti o nou\u0103 edi\u0163ie a T\u00e2rgului de Turism<\/span> al Rom\u00e2niei. Peste 230 de operatori turistici din Rom\u00e2nia, Bulgaria, Germania, Grecia, India, Iordania, Israel, Italia, Macedonia, Marea Britanie,<span style=\"font-family: Times New Roman CE,serif;\"> Palestina, Republica Dominican\u0103<\/span>, Ungaria, Tunisia, Republica S<span style=\"font-family: Times New Roman CE,serif;\">ud African\u0103 etc, \u015fi-au expus<\/span> ofertele. La eveniment au<span style=\"font-family: Times New Roman CE,serif;\"> fost prezente \u015fi Consiliile Jude\u0163ene din Arad, Arge\u015f, Bac\u0103u, Br\u0103ila, D\u00e2mbovi\u0163<\/span>a, Gorj, Har<span style=\"font-family: Times New Roman CE,serif;\">ghita, Hunedoara, Maramure\u015f, Mehedin\u0163<\/span>i, <span style=\"font-family: Times New Roman CE,serif;\">Satu-Mare, Sibiu, Suceava, Neam\u0163, dar \u015fi reprezentan\u0163i ai ora\u015felor Bucure\u015fti, Piatra Neam\u0163, Sibiu, Panciu, Sighi\u015foara, F\u0103g\u0103ra\u015f, Horezu, Techirghiol, T\u00e2rgovi\u015fte, Ia\u015f<\/span>i etc.<\/span><\/span><\/p>\n<p><strong><span style=\"color: #000000;\"><span style=\"font-size: large;\"><span lang=\"ro-RO\">CENTRU PENTRU CONVEN<\/span><span lang=\"ro-RO\">\u021a<\/span><span style=\"font-family: Times New Roman CE,serif;\"><span lang=\"ro-RO\">IA CARPATIC\u0102<\/span><\/span><\/span><\/span><\/strong><\/p>\n<p><span style=\"color: #000000;\"><span style=\"font-size: large;\">Ministerul Economiei <span lang=\"ro-RO\">va \u00eenfiin<\/span><span lang=\"ro-RO\">\u021b<\/span><span lang=\"ro-RO\">a un Centru<\/span> Rom<span lang=\"ro-RO\">\u00e2<\/span>n de Coordonare a Conven<span lang=\"ro-RO\">\u021b<\/span>iei Carpatice privind Turismul Durabil <span lang=\"ro-RO\">\u00ee<\/span>n Mun<span lang=\"ro-RO\">\u021b<\/span>ii Carpa<span lang=\"ro-RO\">\u021b<\/span>i<span lang=\"ro-RO\">. El va avea sediul la <\/span>Bra<span lang=\"ro-RO\">\u0219<\/span>ov, <span lang=\"ro-RO\">\u0219<\/span><span lang=\"ro-RO\">i va gestiona circula<\/span><span lang=\"ro-RO\">\u021b<\/span><span lang=\"ro-RO\">ia <\/span><span lang=\"ro-RO\">\u0219<\/span><span lang=\"ro-RO\">i <\/span>destina<span lang=\"ro-RO\">\u021b<\/span>iile turistice din Carpa<span lang=\"ro-RO\">\u021b<\/span>i. Centrul va avea cinci posturi, iar cheltuielile de personal sunt estimate la 25.000 <span style=\"font-family: Times New Roman CE,serif;\"><span lang=\"ro-RO\">lei pe lun\u0103. <\/span><\/span>El <span lang=\"ro-RO\">va func<\/span><span lang=\"ro-RO\">\u021b<\/span><span lang=\"ro-RO\">iona \u00ee<\/span>n cadrul ANT. Reprezentan<span lang=\"ro-RO\">\u021b<\/span>ii statelor membre ale ini<span lang=\"ro-RO\">\u021b<\/span>iativei regionale Conven<span lang=\"ro-RO\">\u021b<\/span>ia Carpatic<span style=\"font-family: Times New Roman CE,serif;\"><span lang=\"ro-RO\">\u0103<\/span><\/span><span lang=\"ro-RO\"> sunt<\/span> Ucraina, Cehia, Slovacia, Ungaria, Serbia<span lang=\"ro-RO\">, <\/span>Muntenegru, Rom<span lang=\"ro-RO\">\u00e2<\/span>nia <span lang=\"ro-RO\">\u0219<\/span>i Polonia<span lang=\"ro-RO\">,<\/span> pe teritoriul c<span style=\"font-family: Times New Roman CE,serif;\"><span lang=\"ro-RO\">\u0103<\/span><\/span>rora se afl<span style=\"font-family: Times New Roman CE,serif;\"><span lang=\"ro-RO\">\u0103<\/span><\/span> Mun<span lang=\"ro-RO\">\u021b<\/span>ii Carpa<span lang=\"ro-RO\">\u021b<\/span>i<span lang=\"ro-RO\">. <\/span>Conven<span lang=\"ro-RO\">\u021b<\/span>ia-cadru pentru protec<span lang=\"ro-RO\">\u021b<\/span>ia <span lang=\"ro-RO\">\u0219<\/span>i dezvoltarea durabi<span style=\"font-family: Times New Roman CE,serif;\"><span lang=\"ro-RO\">l\u0103<\/span><\/span> a Carpa<span lang=\"ro-RO\">\u021b<\/span>ilor a fost semnat<span style=\"font-family: Times New Roman CE,serif;\"><span lang=\"ro-RO\">\u0103<\/span><\/span><span lang=\"ro-RO\"> \u00ee<\/span>n 2003 <span lang=\"ro-RO\">\u0219<\/span><span lang=\"ro-RO\">i a devenit opera<\/span><span lang=\"ro-RO\">\u021b<\/span><span lang=\"ro-RO\">ional<\/span><span style=\"font-family: Times New Roman CE,serif;\"><span lang=\"ro-RO\">\u0103 din <\/span><\/span>4 ianuarie 2006.<\/span><\/span><\/p>\n<p><strong><span style=\"color: #000000;\"><span style=\"font-size: large;\"><span lang=\"ro-RO\">AUTORITATEA NA<\/span><span lang=\"ro-RO\">\u021a<\/span><span style=\"font-family: Times New Roman CE,serif;\"><span lang=\"ro-RO\">IONAL\u0102 PENTRU TURISM (ANT)<\/span><\/span><\/span><\/span><\/strong><\/p>\n<p><a name=\"_GoBack\"><\/a> <span style=\"color: #000000;\"><span style=\"font-size: large;\"><span lang=\"ro-RO\">&#8230;a anun<\/span><span lang=\"ro-RO\">\u021b<\/span><span style=\"font-family: Times New Roman CE,serif;\"><span lang=\"ro-RO\">at c\u0103 va autoriza 12 noi sta<\/span><\/span><span lang=\"ro-RO\">\u021b<\/span><span style=\"font-family: Times New Roman CE,serif;\"><span lang=\"ro-RO\">iuni turistice. Conform evalu\u0103rilor speciali<\/span><\/span><span lang=\"ro-RO\">\u0219<\/span><span lang=\"ro-RO\">tilor acestei institu<\/span><span lang=\"ro-RO\">\u021b<\/span><span lang=\"ro-RO\">ii <\/span>vor primi <span lang=\"ro-RO\">acest statut:<\/span> comuna Sucevi<span lang=\"ro-RO\">\u021b<\/span>a (jud. Suceava), comuna Pojor<span lang=\"ro-RO\">\u00e2<\/span>ta (Suceava), B<span style=\"font-family: Times New Roman CE,serif;\"><span lang=\"ro-RO\">\u0103<\/span><\/span>ile Banffy-Topli<span lang=\"ro-RO\">\u021b<\/span>a (Harghita), Borsec (Harghita), Negre<span lang=\"ro-RO\">\u0219<\/span>ti-Oa<span lang=\"ro-RO\">\u0219<\/span>, (Satu Mare), B<span style=\"font-family: Times New Roman CE,serif;\"><span lang=\"ro-RO\">\u0103<\/span><\/span>ile Ocna Dej, (Cluj), comuna S<span lang=\"ro-RO\">\u00e2<\/span>ngiorgiu de Mur<span lang=\"ro-RO\">e<\/span><span lang=\"ro-RO\">\u0219<\/span> (Mure<span lang=\"ro-RO\">\u0219<\/span>), localitatea Colibi<span lang=\"ro-RO\">\u021b<\/span>a (Bistri<span lang=\"ro-RO\">\u021b<\/span>a N<span style=\"font-family: Times New Roman CE,serif;\"><span lang=\"ro-RO\">\u0103<\/span><\/span>s<span style=\"font-family: Times New Roman CE,serif;\"><span lang=\"ro-RO\">\u0103<\/span><\/span>ud), Moine<span lang=\"ro-RO\">\u0219<\/span>ti (Bac<span style=\"font-family: Times New Roman CE,serif;\"><span lang=\"ro-RO\">\u0103<\/span><\/span>u), comuna Baia de Fier (Gorj), comuna Boghi<span lang=\"ro-RO\">\u0219<\/span> (S<span style=\"font-family: Times New Roman CE,serif;\"><span lang=\"ro-RO\">\u0103<\/span><\/span>laj), comuna Moisei (Maramure<span lang=\"ro-RO\">\u0219<\/span>). Atestarea sta<span lang=\"ro-RO\">\u021b<\/span>iunilor turistice permite, pe l<span lang=\"ro-RO\">\u00e2<\/span>ng<span style=\"font-family: Times New Roman CE,serif;\"><span lang=\"ro-RO\">\u0103<\/span><\/span> dezvoltarea socio-economic<span style=\"font-family: Times New Roman CE,serif;\"><span lang=\"ro-RO\">\u0103<\/span><\/span> a acestor localit<span style=\"font-family: Times New Roman CE,serif;\"><span lang=\"ro-RO\">\u0103<\/span><\/span><span lang=\"ro-RO\">\u021b<\/span>i, posibilitatea de accesare a unor fonduri europene<span style=\"font-family: Times New Roman CE,serif;\"><span lang=\"ro-RO\"> \u00een scopul dezvolt\u0103rii <\/span><\/span><span lang=\"ro-RO\">\u0219<\/span><span lang=\"ro-RO\">i reconversiei zonelor respective. <\/span><\/span><\/span><\/p>\n<p><span style=\"color: #000000;\">\u201e<span style=\"font-family: Times New Roman CE,serif;\"><span style=\"font-size: large;\"><span lang=\"ro-RO\">S\u0102 CONTINU\u0102M COOPERAREA!<\/span><\/span><\/span><\/span><span style=\"color: #000000;\"><span style=\"font-size: large;\"><span lang=\"ro-RO\">\u201d <\/span><\/span><\/span><span style=\"color: #000000;\"><span style=\"font-family: Times New Roman CE,serif;\"><span style=\"font-size: large;\">Conferin\u0163a de lansare<\/span><\/span><\/span><span style=\"color: #000000;\"><span style=\"font-family: Times New Roman CE,serif;\"><span style=\"font-size: large;\"><span lang=\"ro-RO\"> a Programului Interreg V-A Rom\u00e2nia-Ungaria, organizat\u0103 sub deviza \u201cS\u0103 continu\u0103m cooperarea!\u201d, a fost g\u0103zduit\u0103 de Oradea.<\/span><\/span><\/span><\/span> <span style=\"color: #000000;\"><span style=\"font-size: large;\"><span lang=\"ro-RO\">La eveniment a fost prezentat stadiul implement<\/span><\/span><\/span><span style=\"color: #000000;\"><span style=\"font-family: Times New Roman CE,serif;\"><span style=\"font-size: large;\"><span lang=\"ro-RO\">\u0103rii programului, a perspectivelor de cooperare, precum \u015fi a ini\u0163iativelor transfrontaliere materializate<\/span><\/span><\/span><\/span><span style=\"color: #000000;\"><span style=\"font-size: large;\"><span lang=\"ro-RO\">.<\/span><\/span><\/span><span style=\"color: #000000;\"><span style=\"font-family: Times New Roman CE,serif;\"><span style=\"font-size: large;\"><span lang=\"ro-RO\"> Conferin\u0163a a reunit peste 150 de participan\u0163i din ambele state partenere<\/span><\/span><\/span><\/span><span style=\"color: #000000;\"><span style=\"font-size: large;\"><span lang=\"ro-RO\">. Evenimentul <\/span><\/span><\/span><span style=\"color: #000000;\"><span style=\"font-family: Times New Roman CE,serif;\"><span style=\"font-size: large;\"><span lang=\"ro-RO\">a inclus \u015fi o expozi\u0163ie<\/span><\/span><\/span><\/span><span style=\"color: #000000;\"><span style=\"font-size: large;\"><span lang=\"ro-RO\"> de fotografii realizate de <\/span><\/span><\/span><span style=\"color: #000000;\"><span style=\"font-family: Times New Roman CE,serif;\"><span style=\"font-size: large;\"><span lang=\"ro-RO\">cunoscutul artist or\u0103dean Ovi D. Pop.<\/span><\/span><\/span><\/span> <span style=\"color: #000000;\"><span style=\"font-family: Times New Roman CE,serif;\"><span style=\"font-size: large;\"><span lang=\"ro-RO\">\u00cen acord cu pozi\u0163ia Comisiei Europene, respectiv orientarea c\u0103tre proiecte de impact \u015fi ob\u0163inerea de rezultate, Autoritatea de Management a oferit informa\u0163ii legate de calendarul lans\u0103rii apelurilor de proiecte. <\/span><\/span><\/span><\/span><span style=\"color: #000000;\"><span style=\"font-size: large;\"><span lang=\"ro-RO\">Programul Interreg V-A Rom\u00e2nia-Ungaria finan\u00feeaz\u00e3 proiecte rom\u00e2no-ungare, care abordeaz\u00e3 nevoi identificate pe ambele laturi ale grani\u00feei \u00bai necesit\u00e3 o abordare comun\u00e3. Alte i<\/span><\/span><\/span><span style=\"color: #000000;\"><span style=\"font-family: Times New Roman CE,serif;\"><span style=\"font-size: large;\"><span lang=\"ro-RO\">nforma\u0163ii pe: <\/span><\/span><\/span><\/span><a href=\"http:\/\/interreg-rohu.eu\/ro\/home\"><span style=\"color: #000000;\"><span style=\"font-size: large;\"><span lang=\"ro-RO\"><u>http:\/\/interreg-rohu.eu\/ro\/home.<\/u><\/span><\/span><\/span><\/a><\/p>\n<p><strong><span style=\"color: #141313;\"><span style=\"font-size: large;\">FPTR A SOLICITAT <span style=\"font-family: Times New Roman CE,serif;\">ANT \u015eI O LIST\u0102 CU HOTELURI \u015eI RESTAURANTE<\/span><\/span><\/span><\/strong><\/p>\n<p><span style=\"color: #141313;\">\u2026<span style=\"font-size: large;\"><span style=\"font-family: Times New Roman CE,serif;\">dup\u0103 modelul celei cu agen<\/span>\u021biile de turism. Federa\u021bia Patronatelor din Turismul Rom\u00e2nesc (FPTR)<span style=\"font-family: Times New Roman CE,serif;\"> apreciaz\u0103 demersurile ce<\/span> au permis <span style=\"font-family: Times New Roman CE,serif;\">cur\u0103<\/span>\u021barea pie\u021b<span style=\"font-family: Times New Roman CE,serif;\">ei de turism, m\u0103sur\u0103<\/span> pe care hotelierii au solicitat-o de mult timp. \u00cen contextul actual, hotelierii vor fi mult mai aten\u021bi cu ce agen\u021bii de turism vor c<span style=\"font-family: Times New Roman CE,serif;\">olabora pe viitor, mai ales c\u0103 <\/span>aproape 40 de agen\u021bii dintre cele care \u0219i-au pierdut licen\u021ba erau membre ANAT. FPTR consider<span style=\"font-family: Times New Roman CE,serif;\">\u0103 c\u0103 aceast\u0103 m\u0103sura trebuie aplicat\u0103 <\/span>\u0219i \u00een cazul hotelurilor \u0219i al restaurantelor pentru ca<span style=\"font-family: Times New Roman CE,serif;\"> industria turismului s\u0103 func<\/span>\u021bioneze corect, transparent \u0219i \u00een favoarea clientului final. <span style=\"font-family: Times New Roman CE,serif;\">Este nevoie de o list\u0103 complet\u0103 cu hotelurile, unde s\u0103 apar\u0103 nu doar clasif<\/span>icarea, ci \u0219i societatea de care apar\u021bie unitatea. FPTR <span style=\"font-family: Times New Roman CE,serif;\">reprezint\u0103 <\/span>angajatori a peste 33.000 de salaria\u021bi, <span style=\"font-family: Times New Roman CE,serif;\">cu o cifr\u0103 de afaceri cumulat\u0103 de peste <\/span>5 miliarde de euro &#8211;<br \/>\na declarat <span style=\"font-family: Times New Roman CE,serif;\">Nicolae Bucoval\u0103, Prim-vicepre\u015fedinte <\/span>FPTR.<br \/>\n<\/span><\/span><\/p>\n<p><span style=\"color: #000000;\"><span style=\"font-size: large;\">4 NOI AUTOBUZE<\/span><\/span><\/p>\n<p><span style=\"color: #000000;\"><span style=\"font-size: large;\">Dup<span style=\"font-family: Times New Roman CE,serif;\"><span lang=\"ro-RO\">\u0103 ce a constatat c\u0103 linia turistic\u0103 <a href=\"http:\/\/www.infotravelromania.com\/bucharest-city-tour-bus-picture-and-information\/\" target=\"_blank\">Bucharest City Tour<\/a> este destul de rentabil\u0103 (circa 190.000 de lei profit \u00een 2015) <\/span><\/span>Regia Autonoma de Transport Bucure<span lang=\"ro-RO\">\u0219<\/span>ti<span lang=\"ro-RO\"> (<\/span>RATB<span lang=\"ro-RO\">) a anun<\/span><span lang=\"ro-RO\">\u021b<\/span><span style=\"font-family: Times New Roman CE,serif;\"><span lang=\"ro-RO\">at c\u0103 <\/span><\/span><span lang=\"ro-RO\">\u0219<\/span><span style=\"font-family: Times New Roman CE,serif;\"><span lang=\"ro-RO\">i-a propus s\u0103 achizi<\/span><\/span><span lang=\"ro-RO\">\u021b<\/span><span lang=\"ro-RO\">ioneze 4 autobuze noi cu etaj ce vor fi utilizate \u00een acest<\/span><span style=\"font-family: Times New Roman CE,serif;\"><span lang=\"ro-RO\"> scop. Valoarea total\u0103 a contractului se ridic\u0103 la circa 4 milioane de lei, plus TVA. P\u00e2n\u0103 \u00een prezent <\/span><\/span>transportatorul utiliz<span lang=\"ro-RO\">a a<\/span>utobuze <span lang=\"ro-RO\">\u00ee<\/span>nchiriate de la Regia Autonom<span style=\"font-family: Times New Roman CE,serif;\"><span lang=\"ro-RO\">\u0103<\/span><\/span> de Transport <span lang=\"ro-RO\">di<\/span>n Comun Constan<span lang=\"ro-RO\">\u021b<\/span>a<span lang=\"ro-RO\"> (<\/span>RATC<span lang=\"ro-RO\">)<\/span>, pentru care pl<span style=\"font-family: Times New Roman CE,serif;\"><span lang=\"ro-RO\">\u0103<\/span><\/span>te<span lang=\"ro-RO\">a<\/span> 645.000 <span lang=\"ro-RO\">de lei, plus <\/span>TVA, pe<span lang=\"ro-RO\">ntru<\/span> 6 luni<span lang=\"ro-RO\"> de exploatare (\u00een <\/span> intervalul 15 mai &#8211; 15 octombrie<span style=\"font-family: Times New Roman CE,serif;\"><span lang=\"ro-RO\"> al fiec\u0103rui an). <\/span><\/span><\/span><\/span><\/p>\n","protected":false},"excerpt":{"rendered":"<p>Post Views = 560Acestea sunt coordonatele celei de-a VI-a Conferin\u0163e, serie a c\u0103rui ini\u0163iator este Asocia\u021bia Pro Turism Herculane. De la debut, \u00een aprilie 2014, evenimentele au reunit peste 700 de speciali\u0219ti din domeniul medical, operatori \u0219i autorit\u0103\u021bi din turismul &hellip; <a href=\"http:\/\/www.travellermagazin.ro\/arhiva\/2017\/04\/02\/baile-herculane-apa-wellness-si-viata-evenimente-nr-152\/\">Continu\u0103 s\u0103 cite\u0219ti <span class=\"meta-nav\">&rarr;<\/span><\/a><\/p>\n","protected":false},"author":1,"featured_media":0,"comment_status":"open","ping_status":"open","sticky":false,"template":"","format":"gallery","meta":{"footnotes":""},"categories":[19,1521],"tags":[41],"class_list":["post-5413","post","type-post","status-publish","format-gallery","hentry","category-evenimente","category-numarul-152","tag-evenimente-turism","post_format-post-format-gallery"],"_links":{"self":[{"href":"http:\/\/www.travellermagazin.ro\/arhiva\/wp-json\/wp\/v2\/posts\/5413","targetHints":{"allow":["GET"]}}],"collection":[{"href":"http:\/\/www.travellermagazin.ro\/arhiva\/wp-json\/wp\/v2\/posts"}],"about":[{"href":"http:\/\/www.travellermagazin.ro\/arhiva\/wp-json\/wp\/v2\/types\/post"}],"author":[{"embeddable":true,"href":"http:\/\/www.travellermagazin.ro\/arhiva\/wp-json\/wp\/v2\/users\/1"}],"replies":[{"embeddable":true,"href":"http:\/\/www.travellermagazin.ro\/arhiva\/wp-json\/wp\/v2\/comments?post=5413"}],"version-history":[{"count":4,"href":"http:\/\/www.travellermagazin.ro\/arhiva\/wp-json\/wp\/v2\/posts\/5413\/revisions"}],"predecessor-version":[{"id":5452,"href":"http:\/\/www.travellermagazin.ro\/arhiva\/wp-json\/wp\/v2\/posts\/5413\/revisions\/5452"}],"wp:attachment":[{"href":"http:\/\/www.travellermagazin.ro\/arhiva\/wp-json\/wp\/v2\/media?parent=5413"}],"wp:term":[{"taxonomy":"category","embeddable":true,"href":"http:\/\/www.travellermagazin.ro\/arhiva\/wp-json\/wp\/v2\/categories?post=5413"},{"taxonomy":"post_tag","embeddable":true,"href":"http:\/\/www.travellermagazin.ro\/arhiva\/wp-json\/wp\/v2\/tags?post=5413"}],"curies":[{"name":"wp","href":"https:\/\/api.w.org\/{rel}","templated":true}]}}