{"id":5336,"date":"2017-03-20T23:28:25","date_gmt":"2017-03-20T21:28:25","guid":{"rendered":"http:\/\/www.travellermagazin.ro\/arhiva\/?p=5336"},"modified":"2017-03-21T00:22:22","modified_gmt":"2017-03-20T22:22:22","slug":"christian-tour-se-lanseaza-pe-gran-canaria-travel-nr-151","status":"publish","type":"post","link":"http:\/\/www.travellermagazin.ro\/arhiva\/2017\/03\/20\/christian-tour-se-lanseaza-pe-gran-canaria-travel-nr-151\/","title":{"rendered":"CHRISTIAN TOUR se lanseaz\u0103 pe Gran Canaria, TRAVEL nr.151"},"content":{"rendered":"<a  href='http:\/\/www.travellermagazin.ro\/arhiva\/wp-admin\/options-general.php?page=post_views' class='entry-meta' style='text-align:center'><b>Post Views<\/a><\/b> = 961<br\/><p><span style=\"color: #000000;\"><span style=\"font-family: Times New Roman,Times New Roman,serif;\"><span style=\"font-size: large;\">Aproximativ 200.000 de turi\u0219ti au cump\u0103rat pachete de 62 de milioane de euro, de la \u00eenceputul anului p\u00e2n\u0103 \u00een septembrie 2016, arat\u0103 bilan\u021bul intermediar al turoperatorului Christian Tour. Jum\u0103tate dintre ace\u0219tia au c\u0103l\u0103torit pe cursele touroperate de cea mai mare agen\u021bie din Rom\u00e2nia., Astfel a fost atins un grad de ocupare a charterelor de 95% pe \u00eentreg sezonul.<span lang=\"ro-RO\"> Destina\u021biile din Spania \u0219i Grecia (revela\u021biile verii) au \u00eenregistrat cre\u0219teri semnificative, Bulgaria a revenit \u00een preferin\u021bele clien\u021bilor agen\u021biei ( 6.000 de turi\u0219ti \u00een plus fa\u021b\u0103 de anul trecut) \u0219i, \u00een ciuda evenimentelor din Turcia<\/span>,<span lang=\"ro-RO\"> num\u0103rul turi\u0219tilor ce s-au \u00eendreptat spre aceast\u0103 destina\u021bie a crescut de la 10 la aproape 25.000. Vedeta destina\u021biilor calde r\u0103m\u00e2ne Dubay, un mixt foarte bun ce<\/span> <span lang=\"ro-RO\">\u00eembin\u0103 c\u0103l\u0103toriile de vacan\u021b\u0103 cu turismul cultural, cel de shopping \u0219i leasure. \u00cen acest context <\/span>Christian Tour <span lang=\"ro-RO\">a anun\u021bat c\u0103<\/span> sezonul de var\u0103 <span lang=\"ro-RO\">a cunoscut o<\/span> cre\u0219tere de 20% a cifrei de afaceri. <\/span><\/span><\/span><\/p>\n<p><a href=\"http:\/\/www.travellermagazin.ro\/arhiva\/wp-content\/uploads\/2017\/03\/Travel-Christian-Tour1.jpg\" rel=\"attachment wp-att-5349\"><img loading=\"lazy\" decoding=\"async\" class=\"alignnone wp-image-5349 size-full\" src=\"http:\/\/www.travellermagazin.ro\/arhiva\/wp-content\/uploads\/2017\/03\/Travel-Christian-Tour1.jpg\" alt=\"Travel Christian Tour1\" width=\"1024\" height=\"768\" srcset=\"http:\/\/www.travellermagazin.ro\/arhiva\/wp-content\/uploads\/2017\/03\/Travel-Christian-Tour1.jpg 1024w, http:\/\/www.travellermagazin.ro\/arhiva\/wp-content\/uploads\/2017\/03\/Travel-Christian-Tour1-300x225.jpg 300w, http:\/\/www.travellermagazin.ro\/arhiva\/wp-content\/uploads\/2017\/03\/Travel-Christian-Tour1-768x576.jpg 768w\" sizes=\"auto, (max-width: 1024px) 100vw, 1024px\" \/><\/a><\/p>\n<p><span style=\"color: #000000;\"><span style=\"font-family: Times New Roman,Times New Roman,serif;\"><span style=\"font-size: large;\">\u00cen topul celor mai \u00eendr\u0103gite destina\u021bii, pe primul loc se afl\u0103 Antalya, urmat\u0103 de Creta, Corfu, Zakynthos \u0219i sta\u021biunile din Bulgaria. \u201eSuntem deja foarte aproape de cifra de afaceri pe care am estimat-o pentru<span lang=\"ro-RO\"> 2016<\/span> \u015fi anume 75 de milioane de euro. \u00cen <span lang=\"ro-RO\">acest sezon <\/span>au fost foarte c\u0103utate circuitele c\u0103tre Elve\u0163ia, Cehia, Italia, Anglia, Israel, Croa<span lang=\"ro-RO\">\u021b<\/span>ia, Spania sau <span lang=\"ro-RO\">\u021a<\/span>\u0103rile<span lang=\"ro-RO\"> Scandinave.<\/span> Celor 200.000 de turi\u0219ti care au c\u0103l\u0103torit cu noi p\u00e2n\u0103 \u00een septembrie li se vor ad\u0103uga clien\u021bii din sezonul toamn\u0103-iarn\u0103, care au anul acesta la dispozi\u021bie pachete speciale: Dubai, schi, Senior Voyage \u0219i Winter Sun (creat special pentru amatorii de vacan\u021be \u00een locuri exotice), dar \u0219i pie\u021bele de Cr\u0103ciun sau Revelion<span lang=\"ro-RO\">ul<\/span>\u201d<span lang=\"ro-RO\"> ne-a<\/span> declar<span lang=\"ro-RO\">at<\/span> Marius Pandel, CEO Christian Tour. <\/span><\/span><\/span><\/p>\n<p lang=\"ro-RO\"><span style=\"color: #000000;\"><span style=\"font-family: Times New Roman,Times New Roman,serif;\"><span style=\"font-size: large;\">La r\u00e2ndul lor directorii a 3 Reprezentan\u021be ale Diviziei Christian Tour International (din Republica Moldova &#8211; Eugenia Alexa, Serbia &#8211; Zdravka Majnik \u0219i Polonia &#8211; Mariusz Raban) au completat tabloul de travel al componen\u021bei structurii turistice din 2016, respectiv al destina\u021biilor preferate de c\u0103l\u0103torii din aceste \u021b\u0103ri care au apelat la serviciile grupului rom\u00e2nesc. \u00cen Republica Moldova au mers foarte bine v\u00e2nz\u0103rile pe Grecia, asta \u0219i datorit\u0103 cursei charter Chi\u0219in\u0103u-Corfu, lansat\u0103 \u00een premier\u0103; de asemenea \u0219i \u00een Serbia \u0219i Polonia, \u00een cea din urm\u0103 vedete fiind Rodos, Corfu \u0219i Zakynthos. <\/span><\/span><\/span><\/p>\n<p><span style=\"color: #000000;\"><span style=\"font-family: Times New Roman,Times New Roman,serif;\"><span style=\"font-size: large;\"><span lang=\"ro-RO\">Dincolo de aceast\u0103 sintez\u0103 la recenta conferin\u021b\u0103 de pres\u0103 staff-ul Christian Tour a anun\u021bat lansarea pentru 2017 a pachetelor Early Booking, cu importante componente de discounturi \u0219i reduceri (ce pot ajunge p\u00e2n\u0103 la 50%). \u0218tirea cea mai bine cotat\u0103 a fost lansarea \u00een premier\u0103 absolut\u0103, de anul viitor, a cursei charter directe spre <\/span>Gran Canaria.<span lang=\"ro-RO\"> \u201d<\/span>Spania<span lang=\"ro-RO\"> a<\/span> atras un num\u0103r mare de turi\u015fti rom\u00e2ni pe durata sezonului estival<span lang=\"ro-RO\">.<\/span> Stimulat\u0103 de apetitul turi\u0219tilor pentru vacan\u021bele \u00een spa\u021biul cultural iberic, <strong><span lang=\"ro-RO\">am <\/span>preg\u0103tit turi\u0219tilor rom\u00e2ni o surpriz\u0103 interesant\u0103: charterul de Gran Canaria.<\/strong> Mai mult dec\u00e2t at\u00e2t, pentru sezonul var\u0103 2017 inten\u0163ion\u0103m s\u0103 includem \u00een oferta de sejur \u015fi alte destina\u0163ii inedite, precum: Italia (zonele Calabria, Rimini-Lido di Jesolo \u015fi Sicilia), plus Croa\u0163ia \u015fi Muntenegru. Acestea <span lang=\"ro-RO\">sunt<\/span> destina\u0163ii tot mai solicitate de c\u0103tre turi\u015ftii no\u015ftri\u201d<span lang=\"ro-RO\"> a mai subliniat <\/span>Marius Pandel<span lang=\"ro-RO\">.<\/span><\/span><\/span><\/span><\/p>\n<p><span style=\"color: #000000;\"><span style=\"font-family: Times New Roman,Times New Roman,serif;\"><span style=\"font-size: large;\"><span lang=\"ro-RO\">Mai mult <\/span>Christian Tour <span lang=\"ro-RO\">a anun\u021bat c\u0103 va promova \u0219i pentru anul viitor tarife similare <\/span>ultimului sezon<span lang=\"ro-RO\">. Preferin\u021bele rom\u00e2nilor pentru vacan\u021be se \u00eendreapt\u0103 \u00een continuare spre destina\u021bii charter cunoscute \u0219i hoteluri de 3 \u0219i 4 stele, cu servicii all inclusive. <\/span>Acest tip de pachete este c\u0103utat, \u00een mod special, de familiile cu copii\u201d, <span lang=\"ro-RO\">a completat<\/span> Nicolae B\u0103jenic\u0103, <span lang=\"ro-RO\">d<\/span>irector<span lang=\"ro-RO\">ul<\/span> de v\u00e2nz\u0103ri al Christian Tour.<\/span><\/span><\/span><\/p>\n<p lang=\"ro-RO\"><strong><span style=\"color: #000000;\"><span style=\"font-family: Times New Roman,Times New Roman,serif;\"><span style=\"font-size: large;\">MARIAN CONSTANTINESCU<br \/>\n_____________________<br \/>\n<\/span><\/span><\/span><\/strong><\/p>\n<p align=\"LEFT\"><span style=\"color: #000000;\"><span style=\"font-size: large;\"><strong><span lang=\"en-US\">V<\/span><\/strong><span lang=\"ro-RO\"><strong>\u0102DUVOIU: \u201dValorile BTT mi se potrivesc foarte bine !\u201d<br \/>\n<a href=\"http:\/\/www.travellermagazin.ro\/arhiva\/wp-content\/uploads\/2017\/03\/Travel-Sorin-Vaduvoiu.jpg\" rel=\"attachment wp-att-5350\"><img loading=\"lazy\" decoding=\"async\" class=\"alignnone wp-image-5350 size-full\" src=\"http:\/\/www.travellermagazin.ro\/arhiva\/wp-content\/uploads\/2017\/03\/Travel-Sorin-Vaduvoiu.jpg\" alt=\"Travel Sorin Vaduvoiu\" width=\"1024\" height=\"768\" srcset=\"http:\/\/www.travellermagazin.ro\/arhiva\/wp-content\/uploads\/2017\/03\/Travel-Sorin-Vaduvoiu.jpg 1024w, http:\/\/www.travellermagazin.ro\/arhiva\/wp-content\/uploads\/2017\/03\/Travel-Sorin-Vaduvoiu-300x225.jpg 300w, http:\/\/www.travellermagazin.ro\/arhiva\/wp-content\/uploads\/2017\/03\/Travel-Sorin-Vaduvoiu-768x576.jpg 768w\" sizes=\"auto, (max-width: 1024px) 100vw, 1024px\" \/><\/a><br \/>\n<\/strong> <\/span><\/span><\/span><\/p>\n<p align=\"LEFT\"><span style=\"color: #000000;\"><span style=\"font-size: large;\"><span lang=\"ro-RO\">Dup\u0103 12 ani la agen\u021bia Perfect Tour, perioad\u0103 \u00een care a a urcat p\u00e2n\u0103 la pozi\u021bia de top-management <\/span>Sorin V<span lang=\"ro-RO\">\u0103<\/span>duvoiu, a <span lang=\"ro-RO\">acceptat oferta de a prelua conducerea <\/span>compani<span lang=\"ro-RO\">ei<\/span> Business Travel Turism. \u201e<span lang=\"ro-RO\">M-am \u00eendreptat spre acest <\/span> parteneriat pentru c<span lang=\"ro-RO\">\u0103<\/span> valorile <span lang=\"ro-RO\">grupului \u0219<\/span>i ale celor doi ac<span lang=\"ro-RO\">\u021b<\/span>ionari, Paula Dobrescu <span lang=\"ro-RO\">\u0219<\/span>i Gabriel Dumitroiu, se potrivesc cel mai bine cu valorile <span lang=\"ro-RO\">\u00ee<\/span>n care cred\u201d<span lang=\"ro-RO\"> &#8211;<\/span> a declarat V<span lang=\"ro-RO\">\u0103<\/span>duvoiu.<span lang=\"ro-RO\"> Noul manager activeaz\u0103<\/span> de 16 ani <span lang=\"ro-RO\">\u00ee<\/span>n turism<span lang=\"ro-RO\">. <\/span>Business Travel Turism se situeaza printre primele zece agen<span lang=\"ro-RO\">\u021b<\/span>ii din t<span lang=\"ro-RO\">ravel-ul<\/span> rom<span lang=\"ro-RO\">\u00e2<\/span>nesc dup<span lang=\"ro-RO\">\u0103<\/span> cifra de afaceri, <span lang=\"ro-RO\">\u00eenregistr\u00e2nd anul trecut un <\/span>volum de peste 73 mil<span lang=\"ro-RO\">ioane de lei. \u00cen<\/span> 2015, Business Travel Turism a semnat un parteneriat cu grupul britanic ATPI, unul dintre liderii mondiali <span lang=\"ro-RO\">\u00ee<\/span>n domeniul organiz<span lang=\"ro-RO\">\u0103<\/span>rii de evenimente <span lang=\"ro-RO\">\u0219<\/span>i management<span lang=\"ro-RO\"> turistic<\/span>.\u00a0<\/span><\/span><\/p>\n<p align=\"LEFT\"><strong><span style=\"color: #000000;\"><span style=\"font-family: Times New Roman,Times New Roman,serif;\"><span style=\"font-size: large;\">_____________________<\/span><\/span><\/span><\/strong><\/p>\n<p><strong><span style=\"color: #1a1a1a;\"><span style=\"font-size: medium;\">DANIEL TRUIC<span lang=\"ro-RO\">\u0102: \u201d<\/span>Este mai avantajos s\u0103 <span lang=\"ro-RO\">mergi cu<\/span> avionul dec\u00e2t cu trenul<span lang=\"ro-RO\"> !\u201d<\/span> <\/span><\/span><\/strong><\/p>\n<p><span style=\"font-size: medium;\"><span lang=\"ro-RO\">Aceasta este concluzia la care au ajuns speciali\u0219tii de la Vola.ro. <\/span>Conform une<span lang=\"ro-RO\">i cercet\u0103ri<\/span> cererea de bilete de avion pe rutele interne a crescut \u00een ultimul an cu aproximativ 200%. Dup\u0103 estim\u0103rile Vola.ro, deja exist\u0103 ora\u0219e din Rom\u00e2nia spre care sunt \u0219anse foarte mari s\u0103 fie mai avantajoas\u0103 o c\u0103l\u0103torie cu avionul dec\u00e2t cu trenul. Timi\u0219oara, Cluj-Napoca \u0219i Ia\u0219i sunt cele mai solicitate destina\u021bii interne, cu plecare din Bucure\u0219ti.<span lang=\"ro-RO\"> P<\/span>\u00e2n\u0103 \u00een urm\u0103 cu 3 ani, Timi\u0219oara conducea indubitabil la acest capitol, inclusiv datorit\u0103 hub-ului Carpatair<span lang=\"ro-RO\">.<br \/>\n<a href=\"http:\/\/www.travellermagazin.ro\/arhiva\/wp-content\/uploads\/2017\/03\/Travel-Daniel-Truica-Vola.ro-1.jpg\" rel=\"attachment wp-att-5351\"><img loading=\"lazy\" decoding=\"async\" class=\"alignnone wp-image-5351 size-full\" src=\"http:\/\/www.travellermagazin.ro\/arhiva\/wp-content\/uploads\/2017\/03\/Travel-Daniel-Truica-Vola.ro-1.jpg\" alt=\"Travel Daniel Truica Vola.ro 1\" width=\"1024\" height=\"654\" srcset=\"http:\/\/www.travellermagazin.ro\/arhiva\/wp-content\/uploads\/2017\/03\/Travel-Daniel-Truica-Vola.ro-1.jpg 1024w, http:\/\/www.travellermagazin.ro\/arhiva\/wp-content\/uploads\/2017\/03\/Travel-Daniel-Truica-Vola.ro-1-300x192.jpg 300w, http:\/\/www.travellermagazin.ro\/arhiva\/wp-content\/uploads\/2017\/03\/Travel-Daniel-Truica-Vola.ro-1-768x491.jpg 768w\" sizes=\"auto, (max-width: 1024px) 100vw, 1024px\" \/><\/a><br \/>\n<\/span><\/span><\/p>\n<p><span style=\"font-size: medium;\">Cluj-Napoca a crescut at\u00e2t ca num\u0103r de zboruri c\u00e2t \u0219i ca cerere din partea turi\u0219tilor. <span lang=\"ro-RO\">U<\/span>n rol esen\u021bial l-au jucat evenimentele <span lang=\"ro-RO\">g\u0103zduite<\/span>, dintre care cel mai mult s-a remarcat Untold, perioad\u0103 \u00een care majoritatea zborurilor au fost pline. Pre\u021bul unui bilet de avion pe o rut\u0103 intern\u0103 \u00eencepe de la 17 euro (bilet de avion dus-\u00eentors pe ruta Bucure\u0219ti \u2013 Cluj-Napoca) \u0219i poate ajunge p\u00e2n\u0103 la 195 euro (Bucure\u0219ti-Oradea). \u00cent\u0103rirea concuren\u021bei pe rutele interne a atras \u0219i sc\u0103derea pre\u021burilor biletelor de avion. <span lang=\"ro-RO\">\u201d<\/span>Astfel, putem vorbi acum despre pre\u021buri cu p\u00e2n\u0103 la 90% mai mici dec\u00e2t tarifele practicate \u00een urm\u0103 cu 5 ani, la biletele de avion pentru rute interne. Ca urmare a sc\u0103derii pre\u021burilor biletelor de avion, cele mai multe solicit\u0103ri pentru rutele interne au venit \u00een acest an \u00een luna august \u0219i septembrie, iar cea mai pu\u021bin solicitat\u0103 lun\u0103 a fost februarie<span lang=\"ro-RO\">\u201d &#8211; <\/span>a declarat Daniel Truic\u0103, CEO Vola.ro.<\/span><\/p>\n<p lang=\"ro-RO\" align=\"LEFT\"><strong><span style=\"font-size: medium;\">MARA ANTON<\/span><\/strong><\/p>\n<p lang=\"ro-RO\"><strong><span style=\"color: #000000;\"><span style=\"font-family: Times New Roman,Times New Roman,serif;\"><span style=\"font-size: large;\">\u00a0<\/span><\/span><\/span><\/strong><\/p>\n","protected":false},"excerpt":{"rendered":"<p>Post Views = 961Aproximativ 200.000 de turi\u0219ti au cump\u0103rat pachete de 62 de milioane de euro, de la \u00eenceputul anului p\u00e2n\u0103 \u00een septembrie 2016, arat\u0103 bilan\u021bul intermediar al turoperatorului Christian Tour. Jum\u0103tate dintre ace\u0219tia au c\u0103l\u0103torit pe cursele touroperate de &hellip; <a href=\"http:\/\/www.travellermagazin.ro\/arhiva\/2017\/03\/20\/christian-tour-se-lanseaza-pe-gran-canaria-travel-nr-151\/\">Continu\u0103 s\u0103 cite\u0219ti <span class=\"meta-nav\">&rarr;<\/span><\/a><\/p>\n","protected":false},"author":1,"featured_media":5351,"comment_status":"open","ping_status":"open","sticky":false,"template":"","format":"gallery","meta":{"footnotes":""},"categories":[1520,22],"tags":[1570,1571,40,1572],"class_list":["post-5336","post","type-post","status-publish","format-gallery","has-post-thumbnail","hentry","category-numarul-151","category-travel","tag-christian-tour-se-lanseaza-pe-gran-canaria","tag-daniel-truica-este-mai-avantajos-sa-mergi-cu-avionul-decat-cu-trenul","tag-travel-2","tag-vaduvoiu-valorile-btt-mi-se-potrivesc-foarte-bine","post_format-post-format-gallery"],"_links":{"self":[{"href":"http:\/\/www.travellermagazin.ro\/arhiva\/wp-json\/wp\/v2\/posts\/5336","targetHints":{"allow":["GET"]}}],"collection":[{"href":"http:\/\/www.travellermagazin.ro\/arhiva\/wp-json\/wp\/v2\/posts"}],"about":[{"href":"http:\/\/www.travellermagazin.ro\/arhiva\/wp-json\/wp\/v2\/types\/post"}],"author":[{"embeddable":true,"href":"http:\/\/www.travellermagazin.ro\/arhiva\/wp-json\/wp\/v2\/users\/1"}],"replies":[{"embeddable":true,"href":"http:\/\/www.travellermagazin.ro\/arhiva\/wp-json\/wp\/v2\/comments?post=5336"}],"version-history":[{"count":4,"href":"http:\/\/www.travellermagazin.ro\/arhiva\/wp-json\/wp\/v2\/posts\/5336\/revisions"}],"predecessor-version":[{"id":5352,"href":"http:\/\/www.travellermagazin.ro\/arhiva\/wp-json\/wp\/v2\/posts\/5336\/revisions\/5352"}],"wp:featuredmedia":[{"embeddable":true,"href":"http:\/\/www.travellermagazin.ro\/arhiva\/wp-json\/wp\/v2\/media\/5351"}],"wp:attachment":[{"href":"http:\/\/www.travellermagazin.ro\/arhiva\/wp-json\/wp\/v2\/media?parent=5336"}],"wp:term":[{"taxonomy":"category","embeddable":true,"href":"http:\/\/www.travellermagazin.ro\/arhiva\/wp-json\/wp\/v2\/categories?post=5336"},{"taxonomy":"post_tag","embeddable":true,"href":"http:\/\/www.travellermagazin.ro\/arhiva\/wp-json\/wp\/v2\/tags?post=5336"}],"curies":[{"name":"wp","href":"https:\/\/api.w.org\/{rel}","templated":true}]}}