{"id":5320,"date":"2017-03-20T16:41:17","date_gmt":"2017-03-20T14:41:17","guid":{"rendered":"http:\/\/www.travellermagazin.ro\/arhiva\/?p=5320"},"modified":"2017-03-21T00:39:36","modified_gmt":"2017-03-20T22:39:36","slug":"supertare-sat-lacustru-pe-clisura-dunarii-evenimente-nr-151","status":"publish","type":"post","link":"http:\/\/www.travellermagazin.ro\/arhiva\/2017\/03\/20\/supertare-sat-lacustru-pe-clisura-dunarii-evenimente-nr-151\/","title":{"rendered":"SUPERTARE: Sat lacustru pe Clisura Dunarii, EVENIMENTE nr.151"},"content":{"rendered":"<a  href='http:\/\/www.travellermagazin.ro\/arhiva\/wp-admin\/options-general.php?page=post_views' class='entry-meta' style='text-align:center'><b>Post Views<\/a><\/b> = 663<br\/><p><span style=\"color: #000000;\"><span style=\"font-size: large;\">Dup<span lang=\"ro-RO\">\u0103 primul hotel de ghia\u021b\u0103 reconstruit \u00een fiecare an pe Transf\u0103g\u0103r\u0103\u0219an \u00een vecin\u0103tatea zonei turistice Valea cu Pe\u0219ti, rom\u00e2nii vor lansa pe pia\u021b\u0103 \u0219i primul sat de vacan\u021b\u0103 lacustru. Astfel se poate spune c\u0103 \u021bara noastr\u0103 \u00eencepe s\u0103 \u201dcandideze\u201d la segmentul turistic al destina\u021biilor exotice. Investi\u021bia este aproape finalizat\u0103 la<\/span> Berzasca<span lang=\"ro-RO\"> (<\/span>jude<span lang=\"ro-RO\">\u021b<\/span>ul Caras Severin<span lang=\"ro-RO\">)<\/span>, pe<span lang=\"ro-RO\"> malul<\/span> Clisur<span lang=\"ro-RO\">ii<\/span> Dun<span lang=\"ro-RO\">\u0103<\/span>rii<span lang=\"ro-RO\">. Aici au fost construite \u0219i finisate <\/span>30 de c<span lang=\"ro-RO\">\u0103<\/span>su<span lang=\"ro-RO\">\u021b<\/span>e pe piloni <span lang=\"ro-RO\">\u00ee<\/span>n mijlocul apei, devenind primul sat lacustru din Rom<span lang=\"ro-RO\">\u00e2<\/span>nia.<br \/>\n<\/span><\/span><br \/>\nC<span lang=\"ro-RO\">\u0103<\/span>su<span lang=\"ro-RO\">\u021b<\/span>ele sunt destinate exclusiv turi<span lang=\"ro-RO\">\u0219<\/span>tilor, care vor putea admira Dun<span lang=\"ro-RO\">\u0103<\/span>rea chiar din mijlocul ei.<span lang=\"ro-RO\"> \u00centregul complex este <\/span>format din doua insule, Egreta <span lang=\"ro-RO\">\u0219<\/span>i Pelicanul, fiecare cu c<span lang=\"ro-RO\">\u00e2<\/span>te 15 bungalouri. C<span lang=\"ro-RO\">\u0103<\/span>su<span lang=\"ro-RO\">\u021b<\/span>ele<span lang=\"ro-RO\"> (ce beneficiaz\u0103 de living, buc\u0103t\u0103rie \u0219i,respectiv la etaj de dormitor)<\/span> sunt legate prin faleze suspendate, dar vor fi create <span lang=\"ro-RO\">\u0219<\/span>i pontoane pentru pescari <span lang=\"ro-RO\">\u0219<\/span>i <span lang=\"ro-RO\">un mini-port pentru <\/span>ambarca<span lang=\"ro-RO\">\u021b<\/span>iuni, alei pentru pietoni, o pist<span lang=\"ro-RO\">\u0103<\/span> pentru biciclete<span lang=\"ro-RO\"> etc. <\/span>\u201cExist\u0103 \u015fi un \u015ftrand amenajat, un loc de parcare pentru 40 de ma\u015fini.<\/p>\n<p>Este doar prima parte a proiectului: 15 bungalouri, \u015ftrandul \u015fi recep\u0163ia. Vom avea \u015fi un restaurant care va fi gata anul viitor. Vor mai fi \u00eenc\u0103 15 bungalouri \u00een oglind\u0103, dar a\u015ftept\u0103m s\u0103 vin\u0103 <span lang=\"ro-RO\">cel pu\u021bin un<\/span> investitor care s\u0103 doreasc\u0103 s\u0103 construiasc\u0103 aici<span lang=\"ro-RO\">\u201d &#8211; precizeaz\u0103 investitorul Sorin Liubimirescu. <\/span>Ideea de a construi un hotel plutitor i-a veni<span lang=\"ro-RO\">t<\/span> om<span lang=\"ro-RO\">ului<\/span> de afaceri re\u015fi\u0163ean \u00een urm\u0103 cu c\u00e2\u0163iva ani, c\u00e2nd acesta a<span lang=\"ro-RO\"> r\u0103mas<\/span> <span lang=\"ro-RO\">dezam\u0103git de condi\u021bii, c\u00e2nd a c\u0103utat un loc<\/span> cazare pe Clisura Dun\u0103rii. <span lang=\"ro-RO\"> Proiectul a fost \u00eembr\u0103\u021bi\u0219at \u0219i de c\u0103tre prim\u0103ria din Berzasca, care a intuit c\u0103 dezvoltarea economic\u0103, turistic\u0103, va genera locuri de munc\u0103 \u0219i finan\u021be suplimentare la bugetul local &#8211; ne declara Traian Mateescu, viceprimarul comunei Berzasca. <\/span><\/p>\n<p lang=\"ro-RO\" align=\"LEFT\"><span style=\"color: #000000;\"><span style=\"font-size: large;\">Satul lacustru de vacan\u021b\u0103 a beneficiat de sus\u021binerea financiar\u0103 a Uniunii Europene care a contribuit cu aproape 200.000 de euro nerambursabili. Valoarea construc\u021biei se ridic\u0103 p\u00e2n\u0103 acum la peste 600.000 de euro.<\/span><\/span><\/p>\n<p lang=\"ro-RO\" align=\"LEFT\"><span style=\"color: #000000;\"><span style=\"font-size: large;\"><strong>C. MARIAN<br \/>\n_____________________________<\/strong> <\/span><\/span><\/p>\n<p><strong><span style=\"color: #000000;\"><span style=\"font-size: large;\"><span lang=\"en-US\">C<\/span><span lang=\"ro-RO\">\u0102L\u0102RA\u0218I: \u00cen tandem cu DUN\u0102REA<br \/>\n<a href=\"http:\/\/www.travellermagazin.ro\/arhiva\/wp-content\/uploads\/2017\/03\/Cursa-Dunarii-1.jpg\" rel=\"attachment wp-att-5393\"><img loading=\"lazy\" decoding=\"async\" class=\"alignnone size-full wp-image-5393\" src=\"http:\/\/www.travellermagazin.ro\/arhiva\/wp-content\/uploads\/2017\/03\/Cursa-Dunarii-1.jpg\" alt=\"Cursa Dunarii\" width=\"1024\" height=\"685\" srcset=\"http:\/\/www.travellermagazin.ro\/arhiva\/wp-content\/uploads\/2017\/03\/Cursa-Dunarii-1.jpg 1024w, http:\/\/www.travellermagazin.ro\/arhiva\/wp-content\/uploads\/2017\/03\/Cursa-Dunarii-1-300x201.jpg 300w, http:\/\/www.travellermagazin.ro\/arhiva\/wp-content\/uploads\/2017\/03\/Cursa-Dunarii-1-768x514.jpg 768w\" sizes=\"auto, (max-width: 1024px) 100vw, 1024px\" \/><\/a><br \/>\n<\/span><\/span><\/span><\/strong><\/p>\n<p><span style=\"color: #000000;\"><span style=\"font-size: large;\"><span lang=\"ro-RO\">\u00cen primul <\/span><\/span><\/span><span style=\"color: #000000;\"><span style=\"font-size: large;\">weekend din octombrie, <\/span><\/span><span style=\"color: #000000;\"><span style=\"font-size: large;\"><span lang=\"ro-RO\">C\u0103l\u0103ra\u0219iul a g\u0103zduit cea de-a<\/span><\/span><\/span><span style=\"color: #000000;\"><span style=\"font-size: large;\"> treia edi\u021bie <\/span><\/span><span style=\"color: #000000;\"><span style=\"font-size: large;\"><span lang=\"ro-RO\">a <\/span><\/span><\/span><span style=\"color: #000000;\"><span style=\"font-size: large;\">Curs<\/span><\/span><span style=\"color: #000000;\"><span style=\"font-size: large;\"><span lang=\"ro-RO\">ei<\/span><\/span><\/span><span style=\"color: #000000;\"><span style=\"font-size: large;\"> Dun\u0103rii C\u0103l\u0103r\u0103\u0219ene, competi\u021bie dedicat\u0103 tuturor celor care iubesc provoc\u0103rile, adrenalina, dar mai ales mersul pe dou\u0103 ro\u021bi. Ora\u0219ul de la malul Dun\u0103rii <\/span><\/span><span style=\"color: #000000;\"><span style=\"font-size: large;\"><span lang=\"ro-RO\">a fost<\/span><\/span><\/span><span style=\"color: #000000;\"><span style=\"font-size: large;\"> luat cu asalt de pasiona\u021bii de ciclism \u0219i concursuri offroad din toate col\u021burile \u021b\u0103rii.<\/span><\/span> <span style=\"color: #000000;\"><span style=\"font-size: large;\">Cursa de \u015fosea este ultima etap\u0103 din Road Grand Tour, cea mai important\u0103 competi\u0163ie de<\/span><\/span><span style=\"color: #000000;\"><span style=\"font-size: large;\"><span lang=\"ro-RO\"> acest gen<\/span><\/span><\/span><span style=\"color: #000000;\"><span style=\"font-size: large;\"> din Rom\u00e2nia<\/span><\/span><span style=\"color: #000000;\"><span style=\"font-size: large;\"><span lang=\"ro-RO\">.<\/span><\/span><\/span><span style=\"color: #000000;\"><span style=\"font-size: large;\"> De asemenea, evenimentul <\/span><\/span><span style=\"color: #000000;\"><span style=\"font-size: large;\"><span lang=\"ro-RO\">a g\u0103zduit<\/span><\/span><\/span><span style=\"color: #000000;\"><span style=\"font-size: large;\"> \u0219i cea de-a doua edi\u0163ie a Campionatului Na\u0163ional de Tandemuri<\/span><\/span><span style=\"color: #000000;\"><span style=\"font-size: large;\"><span lang=\"ro-RO\"> la care au s-au \u00eentrecut<\/span><\/span><\/span><span style=\"color: #000000;\"><span style=\"font-size: large;\"> peste 15 echipe<\/span><\/span><span style=\"color: #000000;\"><span style=\"font-size: large;\"><span lang=\"ro-RO\">.<\/span><\/span><\/span><span style=\"color: #000000;\"><span style=\"font-size: large;\"> Cursa prichindeilor<\/span><\/span><span style=\"color: #000000;\"><span style=\"font-size: large;\"><span lang=\"ro-RO\"> (p\u00e2n\u0103 la 7 ani)<\/span><\/span><\/span><span style=\"color: #000000;\"><span style=\"font-size: large;\"> s<\/span><\/span><span style=\"color: #000000;\"><span style=\"font-size: large;\"><span lang=\"ro-RO\">&#8211;<\/span><\/span><\/span><span style=\"color: #000000;\"><span style=\"font-size: large;\">a desf\u0103\u0219ura<\/span><\/span><span style=\"color: #000000;\"><span style=\"font-size: large;\"><span lang=\"ro-RO\">t<\/span><\/span><\/span><span style=\"color: #000000;\"><span style=\"font-size: large;\"> pe un traseu mirific, pe Insula Mare a Ialomi\u021bei, \u00eenconjura<\/span><\/span><span style=\"color: #000000;\"><span style=\"font-size: large;\"><span lang=\"ro-RO\">t\u0103<\/span><\/span><\/span><span style=\"color: #000000;\"><span style=\"font-size: large;\"> de Dun\u0103re.<\/span><\/span><span style=\"color: #000000;\"><span style=\"font-size: large;\"><span lang=\"ro-RO\"> Fondul generos de premii &#8211; circa 5.000 de euro, a recompensat c\u00e2\u0219tig\u0103torii Ofensivei asfaltului, <\/span><\/span><\/span><span style=\"color: #000000;\"><span style=\"font-size: large;\">ultima etapa din <a href=\"http:\/\/smartatletic.us5.list-manage1.com\/track\/click?u=ae85aceedca11ddb86db43138&amp;id=c52c924e86&amp;e=5b90f62bf3\" target=\"_blank\">Road Grand Tou<\/a><\/span><\/span><span style=\"color: #000080;\"><span lang=\"zxx\"><u><span style=\"color: #000000;\"><span style=\"font-size: large;\">r<\/span><\/span><\/u><\/span><\/span><span style=\"color: #000080;\"><span lang=\"zxx\"><u><span style=\"color: #000000;\"><span style=\"font-size: large;\"><span lang=\"ro-RO\"> (72 kilometri), respectiv pe cei ai <\/span><\/span><\/span><\/u><\/span><\/span><span style=\"color: #000000;\"><span style=\"font-size: large;\">Asaltul<\/span><\/span><span style=\"color: #000000;\"><span style=\"font-size: large;\"><span lang=\"ro-RO\">ui<\/span><\/span><\/span><span style=\"color: #000000;\"><span style=\"font-size: large;\"> insulei, o curs\u0103 offroad unic\u0103 \u00een Rom\u00e2nia<\/span><\/span><span style=\"color: #000000;\"><span style=\"font-size: large;\"><span lang=\"ro-RO\"> (cu un traseu de circa 50 de kilometri &#8211; ne-a precizat <\/span><\/span><\/span><span style=\"color: #000000;\"><span style=\"font-size: large;\">Claudia Sofron (PR Manager)<\/span><\/span><span style=\"color: #000000;\"><span style=\"font-size: large;\"><span lang=\"ro-RO\">.<br \/>\n<span style=\"color: #000000;\"><span style=\"font-size: large;\"><strong>_____________________________<\/strong><\/span><\/span><\/span><\/span><\/span><\/p>\n<p><span style=\"color: #000000;\"><span style=\"font-size: large;\"><strong><span lang=\"ro-RO\">VORONE\u021a: Toamna cu<\/span> Peter Hurley<br \/>\n<\/strong> <\/span><\/span><\/p>\n<p><span style=\"color: #000000;\"><span style=\"font-size: large;\"><span lang=\"ro-RO\"><a href=\"http:\/\/www.travellermagazin.ro\/arhiva\/wp-content\/uploads\/2017\/03\/Ev.Peter-Hurley.jpg\" rel=\"attachment wp-att-5394\"><img loading=\"lazy\" decoding=\"async\" class=\"alignnone size-full wp-image-5394\" src=\"http:\/\/www.travellermagazin.ro\/arhiva\/wp-content\/uploads\/2017\/03\/Ev.Peter-Hurley.jpg\" alt=\"Ev.Peter Hurley\" width=\"960\" height=\"635\" srcset=\"http:\/\/www.travellermagazin.ro\/arhiva\/wp-content\/uploads\/2017\/03\/Ev.Peter-Hurley.jpg 960w, http:\/\/www.travellermagazin.ro\/arhiva\/wp-content\/uploads\/2017\/03\/Ev.Peter-Hurley-300x198.jpg 300w, http:\/\/www.travellermagazin.ro\/arhiva\/wp-content\/uploads\/2017\/03\/Ev.Peter-Hurley-768x508.jpg 768w\" sizes=\"auto, (max-width: 960px) 100vw, 960px\" \/><\/a><br \/>\nA 36 edi\u021bie a Festivalului <\/span><span lang=\"fr-FR\">Interna\u021bional de Film, Diaporam\u0103 \u0219i Fotografie \u201eToamn\u0103 la Vorone\u021b\u201d <\/span><span lang=\"ro-RO\">, care s-a consumat la Gura Humorului \u00eentre 13 \u0219i 16 ooctombrie a \u00eenregistrat mai multe suprize artistice. Printre ele s-a num\u0103rat \u0219i presta\u021bia Agen\u021biei Na\u021bionale de Pres\u0103 AGERPRES care a sus\u021binut acest festival printr-o expozi\u021bie din ar<\/span><span lang=\"fr-FR\">hiva fotografic\u0103<\/span><span lang=\"ro-RO\"> despre istoria Rom\u00e2niei, respectiv un <\/span><span lang=\"fr-FR\">film documentar de excep\u021bie<\/span> <span lang=\"fr-FR\">\u201eDescoper\u0103 Rom\u00e2nia cu Peter Hurley\u201d<\/span><span lang=\"ro-RO\">. El refa<\/span><span lang=\"fr-FR\">ce c\u0103l\u0103toria ini\u021biatic\u0103 pe care un irlandez a facut-o \u00een Rom\u00e2nia. Cu un rucsac de peste zece kilograme \u00een spate, timp de 25 de zile, pornind pe jos de la S\u0103p\u00e2n\u021ba c\u0103tre Bucure\u0219ti, \u00een anul 2012, Peter Hurley s-a bazat \u00een totalitate pe ospitalitatea rom\u00e2nilor \u0219i s-a \u00eendr\u0103gostit de tradi\u021biile istorice \u0219i folclorice ale neamului nostru. <\/span><span lang=\"ro-RO\">La recenta edi\u021bie a festivalului au fost <\/span><span lang=\"fr-FR\">\u00eenscrise<\/span><span lang=\"ro-RO\"> \u00een total<\/span><span lang=\"fr-FR\"> 132 de filme din 19 \u021b\u0103ri<\/span><span lang=\"ro-RO\">.<br \/>\n<span style=\"color: #000000;\"><span style=\"font-size: large;\"><strong>_____________________________<\/strong><\/span><\/span><br \/>\n<\/span><\/span><\/span><\/p>\n<p lang=\"ro-RO\" align=\"LEFT\"><strong><span style=\"color: #000000;\"><span style=\"font-size: large;\">TIMI\u0218OARA: \u201dLumineaz\u0103 ora\u0219ul prin tine\u201d<br \/>\n<a href=\"http:\/\/www.travellermagazin.ro\/arhiva\/wp-content\/uploads\/2017\/03\/Ev-timisoara1.jpg\" rel=\"attachment wp-att-5395\"><img loading=\"lazy\" decoding=\"async\" class=\"alignnone size-full wp-image-5395\" src=\"http:\/\/www.travellermagazin.ro\/arhiva\/wp-content\/uploads\/2017\/03\/Ev-timisoara1.jpg\" alt=\"Ev timisoara1\" width=\"1024\" height=\"267\" srcset=\"http:\/\/www.travellermagazin.ro\/arhiva\/wp-content\/uploads\/2017\/03\/Ev-timisoara1.jpg 1024w, http:\/\/www.travellermagazin.ro\/arhiva\/wp-content\/uploads\/2017\/03\/Ev-timisoara1-300x78.jpg 300w, http:\/\/www.travellermagazin.ro\/arhiva\/wp-content\/uploads\/2017\/03\/Ev-timisoara1-768x200.jpg 768w\" sizes=\"auto, (max-width: 1024px) 100vw, 1024px\" \/><\/a><br \/>\n<\/span><\/span><\/strong><\/p>\n<p align=\"LEFT\"><span style=\"color: #000000;\"><span style=\"font-size: large;\"><span lang=\"ro-RO\">Ora\u0219ul de pe Bega va deveni \u00een 2021 a doua localitate rom\u00e2neasc\u0103 (dup\u0103 Sibiu) ce va purta titulatura de Capital\u0103 cultural\u0103 european\u0103. Decizia a fost luat\u0103 luna trecut\u0103 c\u00e2nd juriul a avut de ales \u00een faza final\u0103 dintre Bucure\u0219ti, Cluj-Napoca, Baia Mare \u0219i Timi\u0219oara. B\u0103n\u0103\u021benii au candidat cu proiectul care are ca slogan \u201dLumineaz\u0103 ora\u0219ul prin tine\u201d. Oferta cultural\u0103 a <\/span>Timi<span lang=\"ro-RO\">\u0219<\/span>oar<span lang=\"ro-RO\">ei e reprezentat\u0103 <\/span>de 24 de biblioteci, 19 cinematografe, 11 s<span lang=\"ro-RO\">\u0103<\/span>li de conferin<span lang=\"ro-RO\">\u021be<\/span>, 14 galerii de art<span lang=\"ro-RO\">\u0103<\/span> contemporan<span lang=\"ro-RO\">\u0103<\/span>, 6 teatre, 4 muzee, o Filarmonic<span lang=\"ro-RO\">\u0103<\/span> <span lang=\"ro-RO\">\u0219<\/span>i o Oper<span lang=\"ro-RO\">\u0103<\/span>, 4 spa<span lang=\"ro-RO\">\u021b<\/span>ii culturale, 47 de situri de patrimoniu, 24 de <span lang=\"ro-RO\">\u0219<\/span>coli, 8 centre ale industriei culturale <span lang=\"ro-RO\">\u0219<\/span>i creative, 340 de pie<span lang=\"ro-RO\">\u021b<\/span>e <span lang=\"ro-RO\">\u0219<\/span>i cur<span lang=\"ro-RO\">\u021b<\/span>i interioare, 18 cl<span lang=\"ro-RO\">\u0103<\/span>diri publice <span lang=\"ro-RO\">\u0219<\/span>i comerciale <span lang=\"ro-RO\">etc. \u00ce<\/span>n 2021, vor fi trei Capitale Europene ale Culturii: una din <span lang=\"ro-RO\">\u021b\u0103<\/span>rile candidate la UE (Serbia <span lang=\"ro-RO\">\u0219<\/span>i Muntenegru), una din Grecia <span lang=\"ro-RO\">\u0219<\/span>i una din Rom<span lang=\"ro-RO\">\u00e2<\/span>nia.<\/span><\/span><\/p>\n<p align=\"LEFT\"><span style=\"color: #000000;\"><span style=\"font-size: large;\">Titlul de Capital<span lang=\"ro-RO\">\u0103<\/span> European<span lang=\"ro-RO\">\u0103<\/span> a Culturii este atribuit unui ora<span lang=\"ro-RO\">\u0219<\/span> din U<span lang=\"ro-RO\">E<\/span>, pe durata unui an. P<span lang=\"ro-RO\">\u00e2<\/span>n<span lang=\"ro-RO\">\u0103<\/span> <span lang=\"ro-RO\">\u00ee<\/span>n 2019, 60 de <span lang=\"ro-RO\">localit\u0103\u021bi<\/span> vor fi de<span lang=\"ro-RO\">\u021b<\/span>inut titlul de Capital<span lang=\"ro-RO\">\u0103<\/span> European<span lang=\"ro-RO\">\u0103<\/span> a Culturii. Programul este considerat a fi ini<span lang=\"ro-RO\">\u021b<\/span>iativa cultural<span lang=\"ro-RO\">\u0103<\/span> emblematic<span lang=\"ro-RO\">\u0103<\/span> a Uniunii Europene. \u201eConceptul este extraordinar, pentru c<span lang=\"ro-RO\">\u0103<\/span> promoveaz<span lang=\"ro-RO\">\u0103<\/span> dialogul intercultural <span lang=\"ro-RO\">\u0219<\/span>i accentueaz<span lang=\"ro-RO\">\u0103<\/span> sentimentul de apartenen<span lang=\"ro-RO\">\u021b\u0103<\/span> la <span lang=\"ro-RO\">UE<\/span>. Trebuie s<span lang=\"ro-RO\">\u0103<\/span> aducem Europa <span lang=\"ro-RO\">mai <\/span>aproape de oameni. Cultura este \u201emiezul\u201d din care s-a cl<span lang=\"ro-RO\">\u0103<\/span>dit Europa. Valorile culturale ne apropie <span lang=\"ro-RO\">\u00ee<\/span>ntre noi\u201d<span lang=\"ro-RO\"> &#8211;<\/span> a declarat Karel Bartak, Head of Culture Unit <span lang=\"ro-RO\">\u00ee<\/span>n cadrul Comisiei Europene.<\/span><\/span><\/p>\n<p lang=\"ro-RO\" align=\"LEFT\"><span style=\"color: #000000;\"><span style=\"font-size: large;\">ION BADEA<br \/>\n<span style=\"color: #000000;\"><span style=\"font-size: large;\"><strong>_____________________________<\/strong><\/span><\/span><br \/>\n<\/span><\/span><\/p>\n<p><strong><span style=\"font-size: large;\"><span lang=\"en-US\">TURISMUL ECVESTRU: Mai mult dec<\/span><span lang=\"ro-RO\">\u00e2t o promisiune<br \/>\n<a href=\"http:\/\/www.travellermagazin.ro\/arhiva\/wp-content\/uploads\/2017\/03\/Ev-Forum-ecvestru1.jpg\" rel=\"attachment wp-att-5396\"><img loading=\"lazy\" decoding=\"async\" class=\"alignnone size-full wp-image-5396\" src=\"http:\/\/www.travellermagazin.ro\/arhiva\/wp-content\/uploads\/2017\/03\/Ev-Forum-ecvestru1.jpg\" alt=\"Ev Forum ecvestru1\" width=\"1024\" height=\"768\" srcset=\"http:\/\/www.travellermagazin.ro\/arhiva\/wp-content\/uploads\/2017\/03\/Ev-Forum-ecvestru1.jpg 1024w, http:\/\/www.travellermagazin.ro\/arhiva\/wp-content\/uploads\/2017\/03\/Ev-Forum-ecvestru1-300x225.jpg 300w, http:\/\/www.travellermagazin.ro\/arhiva\/wp-content\/uploads\/2017\/03\/Ev-Forum-ecvestru1-768x576.jpg 768w\" sizes=\"auto, (max-width: 1024px) 100vw, 1024px\" \/><\/a><br \/>\n<\/span><\/span><\/strong><\/p>\n<p align=\"LEFT\"><span style=\"font-size: large;\"><span lang=\"ro-RO\">\u00cen Rom\u00e2nia exist\u0103 peste 150 de pensiuni \u0219i propriet\u0103\u021bi agroturistice care de\u021bin cai pentru activit\u0103\u021bi ecvestre. Turism ecvestru efectiv, la nivel profesionist, practic\u0103 \u00eens\u0103 doar vreo 40. Drept urmare organizarea primei edi\u021bii a <strong>Forumului de Turism Ecvestru la hotelul Ibis-Gara de Nord,<\/strong> a fost binevenit \u0219i a\u0219teptat. <\/span>Pentru operatori<span lang=\"ro-RO\">i<\/span> \u015fi pentru ghizii de turism a fost un prilej de a afla informa\u0163ii utile legate de activitatea celor care se ocup\u0103 cu cre\u015fterea cailor. La Forum<span lang=\"ro-RO\"> &#8211; organizat de c\u0103tre <\/span>Equestrian Adventures<span lang=\"ro-RO\"> (director <\/span>Florina Ioanid Nicolescu<span lang=\"ro-RO\">) \u00een parteneriat cu <strong><a href=\"http:\/\/www.infotravelromania.ro\/\" target=\"_blank\">InfoTravelRomania<\/a> (director Petre Dordea)<\/strong>, <\/span>au fost prezentate ofertele unor centre de echita\u0163ie din <span lang=\"en-GB\">R<\/span>\u00e2\u015f<span lang=\"en-GB\">nov, Sighi<\/span>\u015f<span lang=\"en-GB\">oara, Harghita, Cluj, Alba, dar <\/span>\u015f<span lang=\"en-GB\">i D<\/span>\u00e2<span lang=\"en-GB\">mbovi<\/span>\u0163<span lang=\"en-GB\">a. <\/span><span style=\"color: #000000;\"><span lang=\"ro-RO\">Printre speakeri s-au num\u0103rat <\/span><\/span><span style=\"color: #000000;\">Andras Albert \u2013 Villa Honor (cai islandezi)<\/span><span style=\"color: #000000;\"><span lang=\"ro-RO\">; <\/span><\/span><span style=\"color: #000000;\">Alexandru Gaftoi \u2013 Centrul Ecvestru Husar<\/span><span style=\"color: #000000;\"><span lang=\"ro-RO\">; <\/span><\/span><span style=\"color: #000000;\">Oana Valea \u2013 Centru de C<\/span><span style=\"color: #000000;\"><span lang=\"ro-RO\">\u0103<\/span><\/span><span style=\"color: #000000;\">l<\/span><span style=\"color: #000000;\"><span lang=\"ro-RO\">\u0103<\/span><\/span><span style=\"color: #000000;\">rie Aladin<\/span><span style=\"color: #000000;\"><span lang=\"ro-RO\">;<\/span><\/span><span style=\"color: #000000;\">\u00a0Ducar Diana \u2013 Centrul de Echita<\/span><span style=\"color: #000000;\"><span lang=\"ro-RO\">\u021b<\/span><\/span><span style=\"color: #000000;\">ie Diana &#8211; R<\/span><span style=\"color: #000000;\"><span lang=\"ro-RO\">\u00e2\u0219<\/span><\/span><span style=\"color: #000000;\">nov<\/span><span style=\"color: #000000;\"><span lang=\"ro-RO\">;<\/span><\/span><span style=\"color: #000000;\">\u00a0Roxana H<\/span><span style=\"color: #000000;\"><span lang=\"ro-RO\">\u0103<\/span><\/span><span style=\"color: #000000;\">d<\/span><span style=\"color: #000000;\"><span lang=\"ro-RO\">\u0103<\/span><\/span><span style=\"color: #000000;\">rean \u2013 Villa Abbatis Equestrian Center<\/span><span style=\"color: #000000;\"><span lang=\"ro-RO\">; <\/span><\/span><span style=\"color: #000000;\">Adela Dadu \u2013 Pensiunea Domeniile Salgo<\/span><span style=\"color: #000000;\"><span lang=\"ro-RO\">; <\/span><\/span><span style=\"color: #000000;\">Mihnea V<\/span><span style=\"color: #000000;\"><span lang=\"ro-RO\">\u00ee<\/span><\/span><span style=\"color: #000000;\">rgolici \u2013 Cross Country Farm<\/span><span style=\"color: #000000;\"><span lang=\"ro-RO\">; <\/span><\/span><span style=\"color: #000000;\">Ionu<\/span><span style=\"color: #000000;\"><span lang=\"ro-RO\">\u021b <\/span><\/span><span style=\"color: #000000;\">Popescu \u2013 Pensiunea Potcoava<\/span><span style=\"color: #000000;\"><span lang=\"ro-RO\"> etc. <\/span><\/span><span lang=\"ro-RO\">Printre altele ei au vorbit despre oferte personalizate,, flexibile, pentru grupuri mici \u0219i turi\u0219ti individuali, \u00eembinarea cu alte tipuri de turism de ni\u0219\u0103 ca de exemplu turism viniviticol (cel mai apreciat mixt), cultural, istoric, etnofolcloric, de aventur\u0103, gastronomic etc. Prima edi\u021bie a <\/span>Forumul<span lang=\"ro-RO\">ui<\/span> de Turism Ecvestru<span lang=\"ro-RO\"> a beneficiat de sus\u021binerea unor parteneri precum <\/span>Clubul Presei de Turism<span lang=\"ro-RO\"> &#8211;<\/span> FIJET Rom\u00e2nia<span lang=\"ro-RO\">, Traveller Magazin etc.<br \/>\n<\/span> <\/span><\/p>\n<p align=\"LEFT\"><a href=\"http:\/\/www.travellermagazin.ro\/arhiva\/wp-content\/uploads\/2017\/03\/forum-ecvestru-II.jpg\" rel=\"attachment wp-att-5397\"><img loading=\"lazy\" decoding=\"async\" class=\"alignnone size-full wp-image-5397\" src=\"http:\/\/www.travellermagazin.ro\/arhiva\/wp-content\/uploads\/2017\/03\/forum-ecvestru-II.jpg\" alt=\"forum ecvestru II\" width=\"3504\" height=\"2336\" srcset=\"http:\/\/www.travellermagazin.ro\/arhiva\/wp-content\/uploads\/2017\/03\/forum-ecvestru-II.jpg 3504w, http:\/\/www.travellermagazin.ro\/arhiva\/wp-content\/uploads\/2017\/03\/forum-ecvestru-II-300x200.jpg 300w, http:\/\/www.travellermagazin.ro\/arhiva\/wp-content\/uploads\/2017\/03\/forum-ecvestru-II-768x512.jpg 768w, http:\/\/www.travellermagazin.ro\/arhiva\/wp-content\/uploads\/2017\/03\/forum-ecvestru-II-1024x683.jpg 1024w\" sizes=\"auto, (max-width: 3504px) 100vw, 3504px\" \/><\/a><\/p>\n<p lang=\"ro-RO\" align=\"LEFT\"><strong><span style=\"font-size: large;\">MARA ANTON<\/span><\/strong><\/p>\n<p lang=\"ro-RO\" align=\"LEFT\"><span style=\"color: #000000;\"><span style=\"font-size: large;\">\u00a0<\/span><\/span><\/p>\n","protected":false},"excerpt":{"rendered":"<p>Post Views = 663Dup\u0103 primul hotel de ghia\u021b\u0103 reconstruit \u00een fiecare an pe Transf\u0103g\u0103r\u0103\u0219an \u00een vecin\u0103tatea zonei turistice Valea cu Pe\u0219ti, rom\u00e2nii vor lansa pe pia\u021b\u0103 \u0219i primul sat de vacan\u021b\u0103 lacustru. Astfel se poate spune c\u0103 \u021bara noastr\u0103 \u00eencepe &hellip; <a href=\"http:\/\/www.travellermagazin.ro\/arhiva\/2017\/03\/20\/supertare-sat-lacustru-pe-clisura-dunarii-evenimente-nr-151\/\">Continu\u0103 s\u0103 cite\u0219ti <span class=\"meta-nav\">&rarr;<\/span><\/a><\/p>\n","protected":false},"author":1,"featured_media":0,"comment_status":"open","ping_status":"open","sticky":false,"template":"","format":"gallery","meta":{"footnotes":""},"categories":[19,1520],"tags":[1560,41,1559],"class_list":["post-5320","post","type-post","status-publish","format-gallery","hentry","category-evenimente","category-numarul-151","tag-evenimente-nr-151","tag-evenimente-turism","tag-supertare-sat-lacustru-pe-clisura-dunarii","post_format-post-format-gallery"],"_links":{"self":[{"href":"http:\/\/www.travellermagazin.ro\/arhiva\/wp-json\/wp\/v2\/posts\/5320","targetHints":{"allow":["GET"]}}],"collection":[{"href":"http:\/\/www.travellermagazin.ro\/arhiva\/wp-json\/wp\/v2\/posts"}],"about":[{"href":"http:\/\/www.travellermagazin.ro\/arhiva\/wp-json\/wp\/v2\/types\/post"}],"author":[{"embeddable":true,"href":"http:\/\/www.travellermagazin.ro\/arhiva\/wp-json\/wp\/v2\/users\/1"}],"replies":[{"embeddable":true,"href":"http:\/\/www.travellermagazin.ro\/arhiva\/wp-json\/wp\/v2\/comments?post=5320"}],"version-history":[{"count":4,"href":"http:\/\/www.travellermagazin.ro\/arhiva\/wp-json\/wp\/v2\/posts\/5320\/revisions"}],"predecessor-version":[{"id":5398,"href":"http:\/\/www.travellermagazin.ro\/arhiva\/wp-json\/wp\/v2\/posts\/5320\/revisions\/5398"}],"wp:attachment":[{"href":"http:\/\/www.travellermagazin.ro\/arhiva\/wp-json\/wp\/v2\/media?parent=5320"}],"wp:term":[{"taxonomy":"category","embeddable":true,"href":"http:\/\/www.travellermagazin.ro\/arhiva\/wp-json\/wp\/v2\/categories?post=5320"},{"taxonomy":"post_tag","embeddable":true,"href":"http:\/\/www.travellermagazin.ro\/arhiva\/wp-json\/wp\/v2\/tags?post=5320"}],"curies":[{"name":"wp","href":"https:\/\/api.w.org\/{rel}","templated":true}]}}