{"id":4104,"date":"2015-12-07T01:50:41","date_gmt":"2015-12-06T23:50:41","guid":{"rendered":"http:\/\/www.travellermagazin.ro\/arhiva\/?p=4104"},"modified":"2015-12-07T19:37:05","modified_gmt":"2015-12-07T17:37:05","slug":"canicula-aroganta-si-prostii-editorial-nr-137","status":"publish","type":"post","link":"http:\/\/www.travellermagazin.ro\/arhiva\/2015\/12\/07\/canicula-aroganta-si-prostii-editorial-nr-137\/","title":{"rendered":"Canicula, aroganta si prostii, EDITORIAL nr.137"},"content":{"rendered":"<a  href='http:\/\/www.travellermagazin.ro\/arhiva\/wp-admin\/options-general.php?page=post_views' class='entry-meta' style='text-align:center'><b>Post Views<\/a><\/b> = 437<br\/><p><a href=\"http:\/\/www.travellermagazin.ro\/arhiva\/wp-content\/uploads\/2012\/04\/Marian-Constantinescu2012.jpg\"><img loading=\"lazy\" decoding=\"async\" class=\"alignleft size-full wp-image-1183\" src=\"http:\/\/www.travellermagazin.ro\/arhiva\/wp-content\/uploads\/2012\/04\/Marian-Constantinescu2012.jpg\" alt=\"Marian Constantinescu2012\" width=\"350\" height=\"300\" srcset=\"http:\/\/www.travellermagazin.ro\/arhiva\/wp-content\/uploads\/2012\/04\/Marian-Constantinescu2012.jpg 350w, http:\/\/www.travellermagazin.ro\/arhiva\/wp-content\/uploads\/2012\/04\/Marian-Constantinescu2012-300x257.jpg 300w\" sizes=\"auto, (max-width: 350px) 100vw, 350px\" \/><\/a>Canicula a ucis orice boare de v\u00e2nt iar mass media este c\u0103zut\u0103 la p\u0103m\u00e2nt. Altfel nu se poate explica cum pot fi vehiculate \u00een spa\u021biul cotidian cifre aiuristice cu preten\u021bii de statistici locale. Cic\u0103 \u00een c\u00e2teva weekend-uri din august au fost \u00eenregistrate pe litoral recorduri fabuloase. <strong>La un sf\u00e2r\u0219it de s\u0103pt\u0103m\u00e2n\u0103 plajele ar fi fost asediate de vreo 250.000 de turi\u0219ti, iar peste \u00eenc\u0103 o s\u0103pt\u0103m\u00e2n\u0103 s-ar fi ajuns chiar la 350.000 de turi\u0219t<\/strong>i. Ori au fost num\u0103ra\u021bi de mai multe ori cifrele s-au dilatat, \u0219i asta e posibil tot din cauza caniculei. Ori pur \u0219i simplu mai bine din jum\u0103tatea acestora au plecat s\u00e2mb\u0103t\u0103 de diminea\u021b\u0103 pe Litoral \u0219i s-au \u00eentors seara acas\u0103. Iar duminic\u0103 au luat-o de la cap\u0103t. Oricum ar sta lucrurile \u00een toate sta\u021biunile noastre de la Marea Neagr\u0103, cu toate caz\u0103rile posibile (hotel, pensiune, apartamente,\u00a0 bugalouri, rulote, corturi, la negru ori gri) este greu de crezut c\u0103 pot intra \u00eentre 250 \u0219i 350.000 de turi\u0219ti \u00eentr-o zi, dou\u0103. Pentru c\u0103 litoralul nostru de\u021bine pu\u021bin peste&#8230;<strong> 83.000 de locuri de cazare \u0219i, cu tot cu Constan\u021ba, vreo 93.000.<\/strong> Dar s\u0103 mai apel\u0103m tot la cifrele INS care dezarmeaz\u0103 manipul\u0103rile mass-media \u00een \u00eentregime:<strong> \u00eentreaga capacitate turistic\u0103 a Rom\u00e2niei dep\u0103\u0219e\u0219te cu pu\u021bin&#8230; 280.000 de locuri de <a title=\"cazare Romania\" href=\"http:\/\/www.infotravelromania.ro\/cazare.php\" target=\"_blank\">cazare<\/a>.<\/strong> Deci, l\u0103sa\u021bi fra\u021bilor tromboanele de marketing \u0219i promovare c\u0103, prin ajustare pozitiv\u0103, fac mai mult r\u0103u dec\u00e2t bine turismului estival. V\u0103 imagina\u021bi ce s-ar \u00eent\u00e2mpla dac\u0103 organele abilitate de control, \u00eenso\u021bite de DNA, ar c\u0103uta banii nefiscaliza\u021bi ce ar fi fost \u00eencasa\u021bi de pe urma celor 250-350.000 de turi\u0219ti?!? Nici nu \u00eendr\u0103znim s\u0103 ne g\u00e2ndim.<br \/>\n<a href=\"http:\/\/www.travellermagazin.ro\/arhiva\/wp-content\/uploads\/2015\/12\/Cover-Traveller-137.jpg\"><img loading=\"lazy\" decoding=\"async\" class=\"alignnone size-full wp-image-4105\" src=\"http:\/\/www.travellermagazin.ro\/arhiva\/wp-content\/uploads\/2015\/12\/Cover-Traveller-137.jpg\" alt=\"Cover Traveller 137\" width=\"723\" height=\"1024\" srcset=\"http:\/\/www.travellermagazin.ro\/arhiva\/wp-content\/uploads\/2015\/12\/Cover-Traveller-137.jpg 723w, http:\/\/www.travellermagazin.ro\/arhiva\/wp-content\/uploads\/2015\/12\/Cover-Traveller-137-211x300.jpg 211w\" sizes=\"auto, (max-width: 723px) 100vw, 723px\" \/><\/a><\/p>\n<p>O alt\u0103 juc\u0103rie de imagine \u0219i PR a fost r\u0103sucit\u0103 pe toate p\u0103r\u021bile de mai marii exper\u021bi ai turismului. Unii dintre ei oameni de afaceri remarcabili. \u021ai-e \u0219i greu s\u0103 \u00een\u021belegi cum accept\u0103 s\u0103 cad\u0103 \u00een asemenea capcane. Dup\u0103 ce au mestecat ni\u0219te declara\u021bii f\u0103cute de premierul Victor Ponta s-au ofuscat \u0219i l-au capsat pe acest cum c\u0103 \u0219i-a permis s\u0103 declare cu arogan\u021b\u0103 (stilul Adrian N\u0103stase, refuz\u0103 s\u0103 moar\u0103 pentru c\u0103 d\u0103 bine la TV) cum c\u0103&#8230; pre\u021burile din Miami sunt mai mici dec\u00e2t \u00een sta\u021biunea Mamaia. Nu-i iau ap\u0103rarea, c\u0103 n-are nevoie de ea. \u00cen realitate el declara \u201dUnde am mers eu \u00een vacan\u021b\u0103 e mai ieftin dec\u00e2t la Mamaia.\u201d Iar premierul Ponta a fost cu familia \u00eentr-o croazier\u0103 cu plecare din portul ora\u0219ului Miami. Ceea ce e cu totul altceva. Iar croaziera &#8211; \u0219i zeci de mii de rom\u00e2ni care au fost pe aceste hoteluri plutitoare \u0219tiu asta -, cu servicii full all-inclusive, cu facilit\u0103\u021bi pentru copii, cu oferte de entertainment incluse, a fost cu siguran\u021b\u0103 mai ieftin\u0103 dec\u00e2t o vacan\u021b\u0103 similar\u0103 de 7 zile la un hotel de 5 stele, chit c\u0103 la Mamaia sunt vreo 4. Oricum e aiurea s\u0103 compari pre\u021bul unei croaziere cu o vacan\u021b\u0103 terestr\u0103, fie ea \u0219i la Mamaia. E ca \u0219i cum ai compara pere cu ananas, prune cu banane \u0219i prostia cu nucile de cocos. E drept toate se coc, dar numai una doare toat\u0103 via\u021ba. Probabil, tot canicula a fost de vin\u0103.<\/p>\n","protected":false},"excerpt":{"rendered":"<p>Post Views = 437Canicula a ucis orice boare de v\u00e2nt iar mass media este c\u0103zut\u0103 la p\u0103m\u00e2nt. Altfel nu se poate explica cum pot fi vehiculate \u00een spa\u021biul cotidian cifre aiuristice cu preten\u021bii de statistici locale. Cic\u0103 \u00een c\u00e2teva weekend-uri &hellip; <a href=\"http:\/\/www.travellermagazin.ro\/arhiva\/2015\/12\/07\/canicula-aroganta-si-prostii-editorial-nr-137\/\">Continu\u0103 s\u0103 cite\u0219ti <span class=\"meta-nav\">&rarr;<\/span><\/a><\/p>\n","protected":false},"author":1,"featured_media":0,"comment_status":"open","ping_status":"open","sticky":false,"template":"","format":"gallery","meta":{"footnotes":""},"categories":[18,206,1168],"tags":[1181,1178,1180],"class_list":["post-4104","post","type-post","status-publish","format-gallery","hentry","category-editorial","category-marian-constantinescu","category-numarul-137","tag-250-000-de-turisti","tag-canicula","tag-editorial-nr-137-traveller-magazin","post_format-post-format-gallery"],"_links":{"self":[{"href":"http:\/\/www.travellermagazin.ro\/arhiva\/wp-json\/wp\/v2\/posts\/4104","targetHints":{"allow":["GET"]}}],"collection":[{"href":"http:\/\/www.travellermagazin.ro\/arhiva\/wp-json\/wp\/v2\/posts"}],"about":[{"href":"http:\/\/www.travellermagazin.ro\/arhiva\/wp-json\/wp\/v2\/types\/post"}],"author":[{"embeddable":true,"href":"http:\/\/www.travellermagazin.ro\/arhiva\/wp-json\/wp\/v2\/users\/1"}],"replies":[{"embeddable":true,"href":"http:\/\/www.travellermagazin.ro\/arhiva\/wp-json\/wp\/v2\/comments?post=4104"}],"version-history":[{"count":2,"href":"http:\/\/www.travellermagazin.ro\/arhiva\/wp-json\/wp\/v2\/posts\/4104\/revisions"}],"predecessor-version":[{"id":4163,"href":"http:\/\/www.travellermagazin.ro\/arhiva\/wp-json\/wp\/v2\/posts\/4104\/revisions\/4163"}],"wp:attachment":[{"href":"http:\/\/www.travellermagazin.ro\/arhiva\/wp-json\/wp\/v2\/media?parent=4104"}],"wp:term":[{"taxonomy":"category","embeddable":true,"href":"http:\/\/www.travellermagazin.ro\/arhiva\/wp-json\/wp\/v2\/categories?post=4104"},{"taxonomy":"post_tag","embeddable":true,"href":"http:\/\/www.travellermagazin.ro\/arhiva\/wp-json\/wp\/v2\/tags?post=4104"}],"curies":[{"name":"wp","href":"https:\/\/api.w.org\/{rel}","templated":true}]}}