{"id":3430,"date":"2015-01-27T01:33:41","date_gmt":"2015-01-26T23:33:41","guid":{"rendered":"http:\/\/www.travellermagazin.ro\/arhiva\/?p=3430"},"modified":"2015-01-27T01:33:41","modified_gmt":"2015-01-26T23:33:41","slug":"palma-de-mallorca-raiul-biciclistilor-mapamond-nr-128","status":"publish","type":"post","link":"http:\/\/www.travellermagazin.ro\/arhiva\/2015\/01\/27\/palma-de-mallorca-raiul-biciclistilor-mapamond-nr-128\/","title":{"rendered":"PALMA DE MALLORCA \u2013 Raiul bicicli\u015ftilor, MAPAMOND nr. 128"},"content":{"rendered":"<a  href='http:\/\/www.travellermagazin.ro\/arhiva\/wp-admin\/options-general.php?page=post_views' class='entry-meta' style='text-align:center'><b>Post Views<\/a><\/b> = 519<br\/><p><strong>PALMA DE MALLORCA \u2013 Raiul bicicli\u015ftilor<\/strong><br \/>\nDin circa 10 milioane de turi\u015fti c\u00e2t atrage anual destina\u0163ia de vacan\u0163\u0103 Palma de Mallorca, capitala regiunii autonome a Insulelor Baleare, mai bine de un milion, sosesc aici pentru a face&#8230; cicloturism. Al\u0163ii estimeaz\u0103 chiar la 2 milioane. Astfel, o mare parte din cei circa 700.000 de locuitori, aproape c\u0103 nu se v\u0103d dec\u00e2t la&#8230; la munci turistice.<br \/>\n<a href=\"http:\/\/www.travellermagazin.ro\/arhiva\/wp-content\/uploads\/2015\/01\/Palma-Dan-079.jpg\"><img loading=\"lazy\" decoding=\"async\" class=\"alignnone size-full wp-image-3431\" src=\"http:\/\/www.travellermagazin.ro\/arhiva\/wp-content\/uploads\/2015\/01\/Palma-Dan-079.jpg\" alt=\"Palma Dan 079\" width=\"1024\" height=\"768\" srcset=\"http:\/\/www.travellermagazin.ro\/arhiva\/wp-content\/uploads\/2015\/01\/Palma-Dan-079.jpg 1024w, http:\/\/www.travellermagazin.ro\/arhiva\/wp-content\/uploads\/2015\/01\/Palma-Dan-079-300x225.jpg 300w\" sizes=\"auto, (max-width: 1024px) 100vw, 1024px\" \/><\/a><\/p>\n<p>Aici \u00een Mallorca treburile sunt foarte serioase. O \u00eentreag\u0103 industrie turistic\u0103 a fost organizat\u0103 pentru a satisface pasiunile \u015fi fuga dup\u0103 s\u0103n\u0103tate a acestor turi\u015fti care nu se odihnesc niciodat\u0103, dec\u00e2t activ. <strong>Este lesne de \u00een\u0163eles c\u0103 nimeni nu-\u015fi ia bicicleta sub bra\u0163 \u015fi se urc\u0103 \u00een avion cu ea ca s\u0103 vin\u0103 pe insul\u0103. A\u015fa, c\u0103 la locul faptei, g\u0103se\u015fti orice tip de biciclet\u0103 \u00ee\u0163i dore\u015fti, de o persoan\u0103, 2, 3 \u015fi chiar pentru o familie mai numeroas\u0103. Fire\u015fte, contra cost. Ai la dispozi\u0163ie abonament pentru o zi, sau pentru mai multe. Normal, ultima variant\u0103 e mai ieftin\u0103. N-ave\u0163i nicio grij\u0103 c\u0103 nici copii nu au fost uita\u0163i. Cum ziua bun\u0103 se cunoa\u015fte de diminea\u0163\u0103, ostilit\u0103\u0163ile sportive \u00eencep cam a\u015fa. <\/strong>Dup\u0103 ce \u0163i-ai luat micul dejun te echipezi sub atenta \u00eendrumare a instructorului. \u00cen fa\u0163a hotelului are loc un spectacol pe care merit\u0103 s\u0103-l tr\u0103i\u0163i! Din ni\u015fte camioane cu remorc\u0103 acoperite cu un burduf etan\u015f sunt cobor\u00e2te \u00een c\u00e2teva minute zeci de biciclete (\u00een func\u0163ie de num\u0103rul comunit\u0103\u0163ii sau al membrilor de familie) de diverse dimensiuni. Opera\u0163iunea este un spectacol de culori \u015fi disciplin\u0103. Ca \u015fi desf\u0103\u015furarea \u00een forma\u0163ie, care urmeaz\u0103 dup\u0103 aceea.<\/p>\n<div id='gallery-1' class='gallery galleryid-3430 gallery-columns-4 gallery-size-thumbnail'><dl class='gallery-item'>\n\t\t\t<dt class='gallery-icon landscape'>\n\t\t\t\t<a href='http:\/\/www.travellermagazin.ro\/arhiva\/2015\/01\/27\/palma-de-mallorca-raiul-biciclistilor-mapamond-nr-128\/palma-dan-079\/'><img loading=\"lazy\" decoding=\"async\" width=\"150\" height=\"150\" src=\"http:\/\/www.travellermagazin.ro\/arhiva\/wp-content\/uploads\/2015\/01\/Palma-Dan-079-150x150.jpg\" class=\"attachment-thumbnail size-thumbnail\" alt=\"\" \/><\/a>\n\t\t\t<\/dt><\/dl><dl class='gallery-item'>\n\t\t\t<dt class='gallery-icon landscape'>\n\t\t\t\t<a href='http:\/\/www.travellermagazin.ro\/arhiva\/2015\/01\/27\/palma-de-mallorca-raiul-biciclistilor-mapamond-nr-128\/palma-227\/'><img loading=\"lazy\" decoding=\"async\" width=\"150\" height=\"150\" src=\"http:\/\/www.travellermagazin.ro\/arhiva\/wp-content\/uploads\/2015\/01\/Palma-227-150x150.jpg\" class=\"attachment-thumbnail size-thumbnail\" alt=\"\" \/><\/a>\n\t\t\t<\/dt><\/dl><dl class='gallery-item'>\n\t\t\t<dt class='gallery-icon portrait'>\n\t\t\t\t<a href='http:\/\/www.travellermagazin.ro\/arhiva\/2015\/01\/27\/palma-de-mallorca-raiul-biciclistilor-mapamond-nr-128\/palma-021\/'><img loading=\"lazy\" decoding=\"async\" width=\"150\" height=\"150\" src=\"http:\/\/www.travellermagazin.ro\/arhiva\/wp-content\/uploads\/2015\/01\/Palma-021-150x150.jpg\" class=\"attachment-thumbnail size-thumbnail\" alt=\"\" \/><\/a>\n\t\t\t<\/dt><\/dl><dl class='gallery-item'>\n\t\t\t<dt class='gallery-icon portrait'>\n\t\t\t\t<a href='http:\/\/www.travellermagazin.ro\/arhiva\/2015\/01\/27\/palma-de-mallorca-raiul-biciclistilor-mapamond-nr-128\/palma-271\/'><img loading=\"lazy\" decoding=\"async\" width=\"150\" height=\"150\" src=\"http:\/\/www.travellermagazin.ro\/arhiva\/wp-content\/uploads\/2015\/01\/Palma-271-150x150.jpg\" class=\"attachment-thumbnail size-thumbnail\" alt=\"\" \/><\/a>\n\t\t\t<\/dt><\/dl><br style=\"clear: both\" \/><dl class='gallery-item'>\n\t\t\t<dt class='gallery-icon portrait'>\n\t\t\t\t<a href='http:\/\/www.travellermagazin.ro\/arhiva\/2015\/01\/27\/palma-de-mallorca-raiul-biciclistilor-mapamond-nr-128\/palma-346\/'><img loading=\"lazy\" decoding=\"async\" width=\"150\" height=\"150\" src=\"http:\/\/www.travellermagazin.ro\/arhiva\/wp-content\/uploads\/2015\/01\/Palma-346-150x150.jpg\" class=\"attachment-thumbnail size-thumbnail\" alt=\"\" \/><\/a>\n\t\t\t<\/dt><\/dl><dl class='gallery-item'>\n\t\t\t<dt class='gallery-icon landscape'>\n\t\t\t\t<a href='http:\/\/www.travellermagazin.ro\/arhiva\/2015\/01\/27\/palma-de-mallorca-raiul-biciclistilor-mapamond-nr-128\/palma-288\/'><img loading=\"lazy\" decoding=\"async\" width=\"150\" height=\"150\" src=\"http:\/\/www.travellermagazin.ro\/arhiva\/wp-content\/uploads\/2015\/01\/Palma-288-150x150.jpg\" class=\"attachment-thumbnail size-thumbnail\" alt=\"\" \/><\/a>\n\t\t\t<\/dt><\/dl><dl class='gallery-item'>\n\t\t\t<dt class='gallery-icon landscape'>\n\t\t\t\t<a href='http:\/\/www.travellermagazin.ro\/arhiva\/2015\/01\/27\/palma-de-mallorca-raiul-biciclistilor-mapamond-nr-128\/palma-218\/'><img loading=\"lazy\" decoding=\"async\" width=\"150\" height=\"150\" src=\"http:\/\/www.travellermagazin.ro\/arhiva\/wp-content\/uploads\/2015\/01\/Palma-218-150x150.jpg\" class=\"attachment-thumbnail size-thumbnail\" alt=\"\" \/><\/a>\n\t\t\t<\/dt><\/dl><dl class='gallery-item'>\n\t\t\t<dt class='gallery-icon landscape'>\n\t\t\t\t<a href='http:\/\/www.travellermagazin.ro\/arhiva\/2015\/01\/27\/palma-de-mallorca-raiul-biciclistilor-mapamond-nr-128\/palma-201\/'><img loading=\"lazy\" decoding=\"async\" width=\"150\" height=\"150\" src=\"http:\/\/www.travellermagazin.ro\/arhiva\/wp-content\/uploads\/2015\/01\/Palma-201-150x150.jpg\" class=\"attachment-thumbnail size-thumbnail\" alt=\"\" \/><\/a>\n\t\t\t<\/dt><\/dl><br style=\"clear: both\" \/><dl class='gallery-item'>\n\t\t\t<dt class='gallery-icon landscape'>\n\t\t\t\t<a href='http:\/\/www.travellermagazin.ro\/arhiva\/2015\/01\/27\/palma-de-mallorca-raiul-biciclistilor-mapamond-nr-128\/palma-146\/'><img loading=\"lazy\" decoding=\"async\" width=\"150\" height=\"150\" src=\"http:\/\/www.travellermagazin.ro\/arhiva\/wp-content\/uploads\/2015\/01\/Palma-146-150x150.jpg\" class=\"attachment-thumbnail size-thumbnail\" alt=\"\" \/><\/a>\n\t\t\t<\/dt><\/dl><dl class='gallery-item'>\n\t\t\t<dt class='gallery-icon landscape'>\n\t\t\t\t<a href='http:\/\/www.travellermagazin.ro\/arhiva\/2015\/01\/27\/palma-de-mallorca-raiul-biciclistilor-mapamond-nr-128\/palma-057\/'><img loading=\"lazy\" decoding=\"async\" width=\"150\" height=\"150\" src=\"http:\/\/www.travellermagazin.ro\/arhiva\/wp-content\/uploads\/2015\/01\/Palma-057-150x150.jpg\" class=\"attachment-thumbnail size-thumbnail\" alt=\"\" \/><\/a>\n\t\t\t<\/dt><\/dl>\n\t\t\t<br style='clear: both' \/>\n\t\t<\/div>\n\n<p>\u015ei de aici, \u00eencotro? <strong>\u00cen primul trebuie s\u0103 \u015fti\u0163i c\u0103 pute\u0163i face un tur al insulei,<\/strong> exist\u0103 numeroase variante, asta \u00een condi\u0163iile \u00een care pe marginea m\u0103rii sunt faleze \u015fi drumuri special amenajate pentru ciclo-turism. Dureaz\u0103 c\u00e2teva ore. Dar cine te gr\u0103be\u015fte \u00een concediu \u015fi cine te opre\u015fte s\u0103 savurezi un fresh, o \u00eenghe\u0163at\u0103, un ceai, o cafea, iar mai t\u00e2rziu s\u0103 iei masa \u00eentr-unul dintre sutele de restaurante-terase care \u00eencadreaz\u0103 obiectivele turistice. Din centru p\u00e2n\u0103 spre marginile insulei Palma de Mallorca are multe lucruri memorabile de oferit. Ele se reg\u0103sesc \u00een ghiduri, distribuite deseori gratuit \u00een recep\u0163iile hotelurilor ori \u00een Centrele de Informare Turistic\u0103. Am v\u0103zut \u015fi v\u0103 recomand\u0103m: O tur\u0103 de aventur\u0103 \u00een Parque Nacional din Archipielago de Cabrera. Natur\u0103, cetate, p\u0103s\u0103ri \u015fi viet\u0103\u0163i rarisime, printre care \u015fi cormorani, pesc\u0103ru\u015fi. Farul care troneaz\u0103 deasupra st\u00e2ncilor. Faruri, amenajate pentru deliciul turi\u015ftilor mai g\u0103si\u0163i \u015fi \u00een zona Colonia de Sant Jordi, un alt loc de popas sigur al bicicli\u015ftilor. Tot prin zon\u0103 ave\u0163i un muzeu municipal, \u00een care se afl\u0103 un acvariu demn de luat \u00een seam\u0103. Nu numai arhitectura ci \u015fi frescele exterioare, amintesc de istoria locurilor prin care au trecut cartaginezii, romanii, maurii, vandalii, francezii ori englezii. Fiecare au l\u0103sat insulei o parte din tradi\u0163iile c\u0103l\u0103toriilor lor. Foc, sabie dar \u015fi cultur\u0103. Cea din urm\u0103 dureaz\u0103.<\/p>\n<p>Dac\u0103 ajungi \u00een centru nu rata colec\u0163iile ad\u0103postite de Funda\u0163ia Juan \u015fi Pilar Miro, Miguel Barcelo ori Juan March. Palatul Regal domin\u0103 portul, iar cetatea de\u015fi e maur\u0103 sadea, are extensii gotice ad\u0103ugate ulterior. Vis a vis se afl\u0103 Catedrala La Seu, iar Parc de la Mar te \u00eent\u00eempin\u0103 cu lacuri \u015fi gr\u0103dini. Pentru rom\u00e2ni, vis a vis de zona marina-port, unde sunt \u00een\u0163esate yachturi de milioane de euro, e interesant de observat o construc\u0163ie \u00een form\u0103 de castel, care reprezint\u0103 re\u015fedin\u0163a familiei Iosif Constantin Dr\u0103gan. Ce s\u0103 v\u0103 mai spunem? Merit\u0103 s\u0103 da\u0163i la pedale \u015fi p\u00e2n\u0103 la Valldemossa, o m\u0103n\u0103stire celebr\u0103 \u015fi prin faptul c\u0103 \u00een perioada 1838-1839, aici au locuit \u015fi tr\u0103it o poveste de dragoste fran\u0163uzoaica George Sand \u015fi Frederich Chopin. Concerte de pian din or\u0103 \u00een or\u0103. Ce gusturi aveau oamenii \u0103\u015ftia! Dar ca s\u0103 v-o spunem pe a bun\u0103, nou\u0103 ne-a pl\u0103cut cel mai mult la Porto Cristo. O pe\u015fter\u0103 care a meritat to\u0163i banii, chiar \u015fi mai mul\u0163i dec\u00e2t am dat pentru intrare. Nu este semnalat\u0103 \u00een prea multe ghiduri, dar ea face parte din noul curent al turismului mallorcan. Pe\u015ftera e \u00een apropiere de Manacor \u015fi este sta\u0163ie turistic\u0103 obligatorie pentru circuite. \u00cen interiorul ei ave\u0163i ocazia s\u0103 v\u0103 plimba\u0163i cu barca \u015fi s\u0103 urm\u0103ri\u0163i proiectate pe pere\u0163ii lacului, holograme \u00eenso\u0163ite de muzica din concertele lui Mozart (Magical Mozart). La fel de magic este spectacolul cu Jules Verne \u00een rol de personaj principal, \u015fi inven\u0163iile lui prezentate pe pere\u0163ii pe\u015fterii cu acelea\u015fi efecte holografice (Fantastic Dreams).<\/p>\n<p>Acesta a \u015fi fost distins \u00een 2006, cu Premiul 1 de c\u0103tre Consiliul Interna\u0163ional al Muzeelor (AVICOM). Pe\u015ftera a fost descoperit\u0103 \u00een 1905 de c\u0103tre marele speolog \u015fi pioner al turismului Don Pedro Caldentay. F\u0103ce\u0163i-v\u0103 timp. Trece\u0163i pe acolo.<strong><br \/>\nMARIAN &amp; DOINA CONSTANTINESCU<\/strong><\/p>\n","protected":false},"excerpt":{"rendered":"<p>Post Views = 519PALMA DE MALLORCA \u2013 Raiul bicicli\u015ftilor Din circa 10 milioane de turi\u015fti c\u00e2t atrage anual destina\u0163ia de vacan\u0163\u0103 Palma de Mallorca, capitala regiunii autonome a Insulelor Baleare, mai bine de un milion, sosesc aici pentru a face&#8230; &hellip; <a href=\"http:\/\/www.travellermagazin.ro\/arhiva\/2015\/01\/27\/palma-de-mallorca-raiul-biciclistilor-mapamond-nr-128\/\">Continu\u0103 s\u0103 cite\u0219ti <span class=\"meta-nav\">&rarr;<\/span><\/a><\/p>\n","protected":false},"author":1,"featured_media":0,"comment_status":"open","ping_status":"open","sticky":false,"template":"","format":"gallery","meta":{"footnotes":""},"categories":[20,908],"tags":[934,933],"class_list":["post-3430","post","type-post","status-publish","format-gallery","hentry","category-mapamond","category-numarul-128","tag-mapamond-nr-128","tag-palma-de-mallorca-raiul-biciclistilor","post_format-post-format-gallery"],"_links":{"self":[{"href":"http:\/\/www.travellermagazin.ro\/arhiva\/wp-json\/wp\/v2\/posts\/3430","targetHints":{"allow":["GET"]}}],"collection":[{"href":"http:\/\/www.travellermagazin.ro\/arhiva\/wp-json\/wp\/v2\/posts"}],"about":[{"href":"http:\/\/www.travellermagazin.ro\/arhiva\/wp-json\/wp\/v2\/types\/post"}],"author":[{"embeddable":true,"href":"http:\/\/www.travellermagazin.ro\/arhiva\/wp-json\/wp\/v2\/users\/1"}],"replies":[{"embeddable":true,"href":"http:\/\/www.travellermagazin.ro\/arhiva\/wp-json\/wp\/v2\/comments?post=3430"}],"version-history":[{"count":1,"href":"http:\/\/www.travellermagazin.ro\/arhiva\/wp-json\/wp\/v2\/posts\/3430\/revisions"}],"predecessor-version":[{"id":3442,"href":"http:\/\/www.travellermagazin.ro\/arhiva\/wp-json\/wp\/v2\/posts\/3430\/revisions\/3442"}],"wp:attachment":[{"href":"http:\/\/www.travellermagazin.ro\/arhiva\/wp-json\/wp\/v2\/media?parent=3430"}],"wp:term":[{"taxonomy":"category","embeddable":true,"href":"http:\/\/www.travellermagazin.ro\/arhiva\/wp-json\/wp\/v2\/categories?post=3430"},{"taxonomy":"post_tag","embeddable":true,"href":"http:\/\/www.travellermagazin.ro\/arhiva\/wp-json\/wp\/v2\/tags?post=3430"}],"curies":[{"name":"wp","href":"https:\/\/api.w.org\/{rel}","templated":true}]}}