{"id":3402,"date":"2015-01-27T01:10:39","date_gmt":"2015-01-26T23:10:39","guid":{"rendered":"http:\/\/www.travellermagazin.ro\/arhiva\/?p=3402"},"modified":"2015-01-27T01:10:39","modified_gmt":"2015-01-26T23:10:39","slug":"castelul-corvinilor-certificat-de-tripadvisor-evenimente-nr-128","status":"publish","type":"post","link":"http:\/\/www.travellermagazin.ro\/arhiva\/2015\/01\/27\/castelul-corvinilor-certificat-de-tripadvisor-evenimente-nr-128\/","title":{"rendered":"Castelul Corvinilor certificat de TripAdvisor, EVENIMENTE nr. 128"},"content":{"rendered":"<a  href='http:\/\/www.travellermagazin.ro\/arhiva\/wp-admin\/options-general.php?page=post_views' class='entry-meta' style='text-align:center'><b>Post Views<\/a><\/b> = 500<br\/><p><strong>Castelul Corvinilor certificat de TripAdvisor<\/strong><br \/>\n<a href=\"http:\/\/www.travellermagazin.ro\/arhiva\/wp-content\/uploads\/2015\/01\/Ev-Castel-Corvinesti.jpg\"><img loading=\"lazy\" decoding=\"async\" class=\"alignnone size-full wp-image-3403\" src=\"http:\/\/www.travellermagazin.ro\/arhiva\/wp-content\/uploads\/2015\/01\/Ev-Castel-Corvinesti.jpg\" alt=\"OLYMPUS DIGITAL CAMERA\" width=\"1024\" height=\"766\" srcset=\"http:\/\/www.travellermagazin.ro\/arhiva\/wp-content\/uploads\/2015\/01\/Ev-Castel-Corvinesti.jpg 1024w, http:\/\/www.travellermagazin.ro\/arhiva\/wp-content\/uploads\/2015\/01\/Ev-Castel-Corvinesti-300x224.jpg 300w\" sizes=\"auto, (max-width: 1024px) 100vw, 1024px\" \/><\/a><br \/>\nCastelul Corvinilor din Hunedoara se num\u0103r\u0103 printre primele cinci destina\u0163ii de vacan\u0163\u0103 din Rom\u00e2nia, conform portalul turistic TripAdvisor. Topul a fost realizat pe baza voturilor primite din partea turi\u015ftilor care au vizitat acest monument istoric construit \u00een perioada medieval\u0103.\u00a0\u00cen acest context TripAdvisor a oferit castelului un Certificat de excelen\u0163\u0103 pe anul 2014, fapt ce \u00eel plaseaza automat \u015fi pe harta atrac\u0163iilor turistice din lume. Ridicat \u00een secolul al XV-lea de Ioan de Hunedoara, castelul este prev\u0103zut cu turnuri, bastioane \u015fi un donjon.<\/p>\n<p>Din 1974, cl\u0103direa a devenit muzeu, care g\u0103zduie\u015fte diverse colec\u0163ii de arheologie provenite din descoperirile f\u0103cute \u00een perimetrul jude\u0163ului Hunedoara. Acest obiectiv turistic, care a primit anul trecut circa 300.000 de vizitatori, a introdus recent o serie de facilit\u0103\u0163i menite s\u0103 atrag\u0103 un num\u0103r \u015fi mai mare de turi\u015fti. Cu ajutorul tehnologiei moderne, vizitatorii pot afla acum mai multe informa\u0163ii, \u00een cinci limbi diferite, despre acest monument istoric. \u201eTuri\u015ftii pot alege s\u0103 primeasc\u0103 explica\u021bii prin intermediul unui ghid multimedia. Acesta este instalat pe mai multe tablete disponibile \u00een cadrul muzeului, dar poate fi desc\u0103rcat \u015fi pe smartphone-ul personal. Explica\u021biile sunt accesate \u00een re\u021beaua de wi-fi ce este disponibil\u0103 \u00een interiorul castelului\u201d &#8211; a precizat Costin Tinca, directorul Muzeului.<\/p>\n<p><strong>IFFEST \u2013 600 de filme \u015fi 45 de premii<br \/>\n<a href=\"http:\/\/www.travellermagazin.ro\/arhiva\/wp-content\/uploads\/2015\/01\/Ev-Film-064.jpg\"><img loading=\"lazy\" decoding=\"async\" class=\"alignnone size-full wp-image-3407\" src=\"http:\/\/www.travellermagazin.ro\/arhiva\/wp-content\/uploads\/2015\/01\/Ev-Film-064.jpg\" alt=\"Ev Film 064\" width=\"1024\" height=\"683\" srcset=\"http:\/\/www.travellermagazin.ro\/arhiva\/wp-content\/uploads\/2015\/01\/Ev-Film-064.jpg 1024w, http:\/\/www.travellermagazin.ro\/arhiva\/wp-content\/uploads\/2015\/01\/Ev-Film-064-300x200.jpg 300w\" sizes=\"auto, (max-width: 1024px) 100vw, 1024px\" \/><\/a><\/strong><br \/>\nCa \u015fi \u00een anii trecu\u0163i a 21-a edi\u0163ia a Festivalul Interna\u021bional al Filmului de\u00a0 Arta , Ecologie si Turism (IFFEST\u00a0) \u201dDocument. Art.\u201d S-a desf\u0103\u015furat sub sloganul \u201dInova\u021bie \u0219i creativitate.\u201d Manifestarea a atras circa 600 filme din 68 \u021b\u0103ri, dintre care au fost selectate 95 ca, \u00een final, 45 s\u0103 fie nominalizate pentru premii la sec\u0163iunile art\u0103, ecologie, mediu \u015fi turism. O parte dintre documentare de scurt, mediu si lungmetraj, au primit distinc\u0163ii la alte evenimente cinematografice similare, printre care\u00a0 \u0219i Festivalul Interna\u021bional al Filmului de Art\u0103, FIFA, Montreal, Canada.<br \/>\n<a href=\"http:\/\/www.travellermagazin.ro\/arhiva\/wp-content\/uploads\/2015\/01\/Ev-Film-059.jpg\"><img loading=\"lazy\" decoding=\"async\" class=\"alignnone size-full wp-image-3408\" src=\"http:\/\/www.travellermagazin.ro\/arhiva\/wp-content\/uploads\/2015\/01\/Ev-Film-059.jpg\" alt=\"Ev Film 059\" width=\"512\" height=\"768\" srcset=\"http:\/\/www.travellermagazin.ro\/arhiva\/wp-content\/uploads\/2015\/01\/Ev-Film-059.jpg 512w, http:\/\/www.travellermagazin.ro\/arhiva\/wp-content\/uploads\/2015\/01\/Ev-Film-059-200x300.jpg 200w\" sizes=\"auto, (max-width: 512px) 100vw, 512px\" \/><\/a><br \/>\nJuriul prezidat de C\u0103lin St\u0103nculescu, a fost format criticii de film \u015fi speciali\u015ftii Marina Roman \u0219i Lumini\u021ba Boerescu, Mihai Or\u0103\u0219anu \u015fi regizorulul chilian Rodrigo Fernandez. El a decernat \u00a0Premiul\u00a0 Acvila de Aur co-produc\u0163iei canadiano-finlandez\u0103 \u201eUn scaun pentru un \u00eenger\u201d regizat de Raymond St-Jean, produc\u0103tor Michel Ouellette. \u201eDrum f\u0103r\u0103 sf\u00e2r\u015fit\u201d (regizor Juan Rayos, Spania) a fost declarat cel mai bun film de turism; scurt metrajul turistic \u201eMeanwhile in Bucharest\u201d, regia Roxana Andrei, a primit Premiile Holban \u015fi Noua Genera\u0163ie.<br \/>\n<a href=\"http:\/\/www.travellermagazin.ro\/arhiva\/wp-content\/uploads\/2015\/01\/Ev-Film-054.jpg\"><img loading=\"lazy\" decoding=\"async\" class=\"alignnone size-full wp-image-3409\" src=\"http:\/\/www.travellermagazin.ro\/arhiva\/wp-content\/uploads\/2015\/01\/Ev-Film-054.jpg\" alt=\"Ev Film 054\" width=\"512\" height=\"768\" srcset=\"http:\/\/www.travellermagazin.ro\/arhiva\/wp-content\/uploads\/2015\/01\/Ev-Film-054.jpg 512w, http:\/\/www.travellermagazin.ro\/arhiva\/wp-content\/uploads\/2015\/01\/Ev-Film-054-200x300.jpg 200w\" sizes=\"auto, (max-width: 512px) 100vw, 512px\" \/><\/a><br \/>\nA atras aten\u0163ia \u201ePovestea cetera\u015fului f\u0103r\u0103 o m\u00e2n\u0103\u201d (regia Sorin Grecu din Cluj), distins o men\u0163iune special\u0103 din partea Asocia\u0163iei. Fondat \u00een anul 1993 de scriitorul \u0219i cineastul\u00a0 Nicolae Luca,\u00a0 IFFEST \u201dDocument. Art.\u201d este\u00a0 organizat de\u00a0 Asocia\u021bia Rom\u00e2n\u0103 de Film \u201dDocument. Art.\u201d \u0219i se bucur\u0103 de sprijinul UCIN. O noutate \u2013 de la aceast\u0103 edi\u0163ie Vinarte, companie condus\u0103 ded c\u0103tre Sergio Faleschini, acord\u0103 premii speciale pentru cele mai bune filme de turism viticol. Traveller Magazin a fost Partener Media \u015fi al acestei edi\u0163ii.<\/p>\n<p><strong>AUSTRIA \u2013 cocktailuri \u015fi aventuri albe<\/strong><br \/>\n<a href=\"http:\/\/www.travellermagazin.ro\/arhiva\/wp-content\/uploads\/2015\/01\/Ev.-Austria-sezon-ski.jpg\"><img loading=\"lazy\" decoding=\"async\" class=\"alignnone size-full wp-image-3405\" src=\"http:\/\/www.travellermagazin.ro\/arhiva\/wp-content\/uploads\/2015\/01\/Ev.-Austria-sezon-ski.jpg\" alt=\"Ev. Austria sezon ski\" width=\"1024\" height=\"682\" srcset=\"http:\/\/www.travellermagazin.ro\/arhiva\/wp-content\/uploads\/2015\/01\/Ev.-Austria-sezon-ski.jpg 1024w, http:\/\/www.travellermagazin.ro\/arhiva\/wp-content\/uploads\/2015\/01\/Ev.-Austria-sezon-ski-300x199.jpg 300w\" sizes=\"auto, (max-width: 1024px) 100vw, 1024px\" \/><\/a><br \/>\nLa fiecare \u00eenceput de iarn\u0103 speciali\u015ftii austrieci \u00een turism vin \u00een Rom\u00e2nia pentru a-\u015fi prezenta nout\u0103\u0163ile din sta\u0163iunile de schi, \u00een fa\u0163a travel-agen\u0163ilor dar \u015fi a jurnali\u015ftilor de specialitate. Exposki, a devenit deja o manifestare itinerant\u0103 care se opre\u015fte \u015fi la Bucure\u015fti. \u00cen acest an ea s-a oprit la Marshal Garden Hotel \u00een regia firmei Austria Incoming \u015fi a atras hotelieri, organiza\u0163ii ori agen\u0163ii specializate din sta\u0163iuni renumite din Austria, Fran\u0163a \u015fi Italia. \u201c<br \/>\n<a href=\"http:\/\/www.travellermagazin.ro\/arhiva\/wp-content\/uploads\/2015\/01\/Ev.-Austria-Exposki-008.jpg\"><img loading=\"lazy\" decoding=\"async\" class=\"alignnone size-full wp-image-3406\" src=\"http:\/\/www.travellermagazin.ro\/arhiva\/wp-content\/uploads\/2015\/01\/Ev.-Austria-Exposki-008.jpg\" alt=\"Ev. Austria Exposki 008\" width=\"1024\" height=\"768\" srcset=\"http:\/\/www.travellermagazin.ro\/arhiva\/wp-content\/uploads\/2015\/01\/Ev.-Austria-Exposki-008.jpg 1024w, http:\/\/www.travellermagazin.ro\/arhiva\/wp-content\/uploads\/2015\/01\/Ev.-Austria-Exposki-008-300x225.jpg 300w\" sizes=\"auto, (max-width: 1024px) 100vw, 1024px\" \/><\/a><br \/>\nA fost o bun\u0103 oportunitate de a ne conecta la parteneri noi \u015fi dinamici din industria turistic\u0103 rom\u00e2neasc\u0103\u201d \u2013 declara Andreea Knecht Preotu, reprezentanta organizatorilor. Pe de alt\u0103 parte Oficiul de Turism al Austriei a marcat la Promenada Mall deschiderea oficiala a sezonului de schi \u00een Austria prin activit\u0103\u0163ii \u015fi promo\u0163ii speciale: o v\u00e2n\u0103toare de comori de vacan\u0163\u0103, board games cu multe premii, opt ore de aventuri pe schi, spectacole cu muzic\u0103 austriac\u0103, ateliere creative pentru copii, un Cocktail Show cu jonglerii \u015fi acroba\u0163ii cu care v\u0103 ve\u0163i \u00eent\u00e2lni \u015fi \u00een sta\u0163iunile din Tirol, Kitzb\u00fchel, Innsbruck, Salzburg etc. Printre invita\u0163i s-a num\u0103rat Michael Manhart, pionier c\u0103ruia i se datoreaz\u0103 primul tun de z\u0103pada realizat \u00een Austria, primul sistem controlat prin unde radio pentru detonarea avalan\u015felor etc.<\/p>\n<p><strong>O S\u0102PT\u0102M\u00c2N\u0102 LA MUNTE<br \/>\n<\/strong>Programul cu pre\u0163uri speciale conceput de Federa\u0163ia Patronatelor din Turismul Rom\u00e2nesc (FPTR) \u015fi Asocia\u0163ia Na\u0163ional\u0103 a Agen\u0163iilor de Turism (ANAT), se va derula \u00een perioada p\u00e2n\u0103 pe 19 decembrie 2014. Durata unui sejur este de 5 nop\u0163i, \u00eencep\u00e2nd duminica \u015fi termin\u00e2nd vinerea, la pre\u0163uri cuprinse \u00eentre 161 \u2013 368 lei\/sejur, la cabane, vile sau hoteluri de la 2 la 4 stele. Ca noutate anul acesta copiii (maxim 2) de p\u00e2n\u0103 la 7 ani vor avea gratuitate.<\/p>\n<p><strong> PRAID SE FACE MARE<br \/>\n<\/strong>Comuna Praid a deschis anul acesta cel mai mare \u015ftrand cu ap\u0103 s\u0103rat\u0103 din Rom\u00e2nia. Investi\u0163ia, \u00een valoare de 1,55 mil. EUR a fost realizat\u0103 integral din fondurile salinei din sta\u0163iune. \u015etrandul are 5.200 mp \u015fi include dou\u0103 bazine pentru copii. Ele pornesc de la 60 cm ad\u00e2ncime \u015fi cresc treptat p\u00e2n\u0103 la 1,20 m. \u00cen cladirea cu etaj func\u0163ioneaz\u0103 o linie de autoservire, buc\u0103t\u0103ria, un bar, o teras\u0103-restaurant descoperit\u0103 \u015fi una acoperit\u0103, iar la parter se g\u0103sesc: un magazin de prezentare \u015fi de desfacere a produselor proprii salinei, vestiarele, du\u015furile, toaletele, precum \u015fi un punct de prim-ajutor. Pentru vremea cald\u0103 exist\u0103 \u015fi o plaj\u0103 de-a lungul bazinelor, \u015fi una pe o terasa amplasat\u0103 pe acoperisul unei cl\u0103diri care face parte din complex.<\/p>\n<p><strong> PE\u0218TE CA LA MILA 23<br \/>\n<\/strong>Este noua provocare lansat\u0103 de Asocia\u021bia \u201cIvan Patzaichin \u2013 Mila 23\u201d. Prima edi\u0163ie a competi\u021biei gastronomice a avut loc la \u00eenceputul lunii noiembrie \u00een satul Mila 23 (Delta Dun\u0103rii), fiind realizat\u0103 \u00een cadrul proiectului \u201cCri\u0219an + Caraorman + Mila 23 \u2013 Ecoturism pentru viitor\u201d. \u201eAmintirile mele din copil\u0103rie sunt \u00eenc\u0103 foarte vii. La noi \u00een sat, pe\u0219tele era m\u00e2ncarea de zi cu zi, \u0219i doar duminica sau \u00een zilele de s\u0103rb\u0103toare m\u00e2ncam carne de g\u0103in\u0103, porc sau v\u00e2nat. At\u00e2t timp c\u00e2t tradi\u021bia se continu\u0103, suntem bucuro\u0219i s\u0103 facem pentru turi\u0219ti dintr-o mas\u0103 tradi\u021bional\u0103 de pe\u0219te o adevarat\u0103 s\u0103rb\u0103toare\u201d &#8211; declara Ivan Patzaichin. Cele 5 familii participante au fost selectate \u00een urma numeroaselor premiilor ob\u021binute la festivalurile culinare organizate \u00een Delta Dun\u0103rii, dar \u0219i la nivel na\u021bional, care promoveaz\u0103 gastronomia tradi\u021bional\u0103 pesc\u0103reasc\u0103. Selec\u021bia culinar\u0103 a cuprins numai preparate pe baz\u0103 de pe\u0219te \u0219i deserturi tradi\u021bionale, precum ardei umplu\u021bi cu pe\u0219te, crap la pro\u021bap, crap pe varz\u0103, plachie de \u0219tiuc\u0103, m\u0103runtaie de \u0219tiuc\u0103 la ceaun, varenchi, babka etc.<\/p>\n<p><strong>81 de arti\u015fti la Palat<br \/>\n<\/strong>SALONUL NA\u0162IONAL DE ART\u0102 DECORATIV\u0102, edi\u0163ia a XV-a s-a deschis la Muzeul Na\u0163ional Cotroceni. Expozi\u0163ia este organizat\u0103 \u00een colaborare cu Uniunea Arti\u015ftilor Plastici din Rom\u00e2nia \u015fi reune\u015fte lucr\u0103rile a 81 arti\u015fti contemporani care prezint\u0103 toate tehnicile artei decorative: tapiserie, imprimeuri textile, colajul textil, broderia, tehnicile mixte, forme artistice decorative din metal, ceramic\u0103 \u015fi sticl\u0103, care au cunoscut \u00een ultimele decenii o dezvoltare spectaculoas\u0103 \u00een spa\u0163iul artistic rom\u00e2nesc. Expozi\u0163ia va fi deschis\u0103 p\u00e2n\u0103 \u00een 15 ianuarie iar \u00een cursul anului 2015 Salonul Na\u0163ional de Art\u0103 Decorativ\u0103 Cotroceni 2014, edi\u0163ia a XV-a, va fi itinerat \u00een Germania, la D\u00fcsseldorf.<\/p>\n<p><strong><br \/>\nPROIECTUL ADVENTURE PARK<br \/>\n<\/strong>&#8230;din sta\u021biunea Voineasa a primit aviz favorabil pentru finan\u0163are european\u0103. Valoarea total\u0103 a acestuia se ridic\u0103 la circa 21,8 milioane de lei. Proiectul vizeaz\u0103 amenajarea unui Alpine Coaster \u00een zona Voineasa, a unei piste pentru karturi \u015fi trotinete, dar \u015fi achizitionarea a 20 de trotinete, 20 de kart-uri pentru copii \u015fi 20 de karturi pentru adul\u0163i. De asemenea, va fi amenajat un parc de aventuri, vor fi achizitionate echipamente de protec\u0163ie, vor fi realizate tiroliene, dou\u0103 covoare rulante cu sistem tubing \u015fi p\u00e2rtie de schi.<\/p>\n<p><strong>VINUL FACE CAS\u0102 BUNA CU TURISMUL<br \/>\n<\/strong>Produc\u0103torul de vinuri Vitis Metamorfosis din Dealu Mare a anun\u021bat achizi\u021bionarea unui conac din jude\u021bul Buz\u0103u, pe care inten\u021bioneaz\u0103 s\u0103-l transforme \u00eentr-un centrul turistic viti-vinicol. Valoarea tranzac\u021biei se ridic\u0103 la 90.000 de euro. Cl\u0103direa se afl\u0103 \u00een localitatea N\u0103eni \u015fi va fi renovat\u0103 complet printr-o investi\u0163ie estimat\u0103 la circa 500.000 EUR. Proprietatea are o suprafa\u0163\u0103 de 1 hectar, iar construc\u0163iile urmeaz\u0103 s\u0103 fie modernizate \u0219i reamenajate pentru a oferi 15 camere, un restaurant \u015fi spa\u0163ii pentru organizarea test\u0103rilor \u0219i degust\u0103rilor de vinuri.<\/p>\n<p><strong>CLUSTER PE TURISM BALNEAR<br \/>\n<a href=\"http:\/\/www.travellermagazin.ro\/arhiva\/wp-content\/uploads\/2015\/01\/Ev-Cluster-Amara.jpg\"><img loading=\"lazy\" decoding=\"async\" class=\"alignnone size-full wp-image-3404\" src=\"http:\/\/www.travellermagazin.ro\/arhiva\/wp-content\/uploads\/2015\/01\/Ev-Cluster-Amara.jpg\" alt=\"Ev Cluster Amara\" width=\"881\" height=\"768\" srcset=\"http:\/\/www.travellermagazin.ro\/arhiva\/wp-content\/uploads\/2015\/01\/Ev-Cluster-Amara.jpg 881w, http:\/\/www.travellermagazin.ro\/arhiva\/wp-content\/uploads\/2015\/01\/Ev-Cluster-Amara-300x261.jpg 300w\" sizes=\"auto, (max-width: 881px) 100vw, 881px\" \/><\/a><br \/>\n<\/strong>\u00cen sta\u0163iunea Amara s-a lansat Clusterul Balneoturistic \u201eMuntenia\u201d Regiunea Sud. El a fost ini\u0163iat prin contribu\u0163ia unor personalit\u0103\u0163i din domeniul s\u0103n\u0103t\u0103\u0163ii, printre care Victor Moraru, pre\u015fedintele Asocia\u0163iei Na\u0163ionale a Sta\u0163iunilor Balneare \u015fi Balneoclimatice din Rom\u00e2nia, Nicu R\u0103dulescu, pre\u015fedintele Organiza\u0163iei Patronale a Turismului Balnear din Rom\u00e2nia (OPTBR),Vajda Lajos, vicepre\u015fedintele Asocia\u0163iei Clusterelor din Rom\u00e2nia, Constantin Munteanu, pre\u015fedintele Asocia\u0163iei Rom\u00e2ne de Balneologie etc. Scopul Clusterul este de a eficientiza destina\u0163iile turistice din regiunea Sud a Rom\u00e2niei, de a cre\u015fte fluxul turistic pe segmentul balnear, ce are un poten\u0163ial ridicat.<br \/>\n<strong>DUN\u0102REA VA FI REAMENAJAT\u0102<\/strong><\/p>\n<p>Lucr\u0103rile de reconstruc\u0163ie ecologic\u0103, ce se vor desf\u0103\u015fura \u00eentre localitatile G\u00e2rla Mare \u015fi Vra\u0163a, din jude\u0163ul Mehedin\u0163in -, vor ajuta la stocarea a peste 5 milioane de metri cubi de ap\u0103 \u00een timpul viiturilor de pe Dun\u0103re, la men\u0163inerea biodiversit\u0103\u0163ii, dar mai ales la refacerea habitatelor necesare pe\u015ftilor pentru depunerea icrelor. Proiectul apar\u0163ine Funda\u0163iei Coca-Cola \u00een parteneriat cu World Wide Fund for Nature, WWF, \u015fi presupune desfa\u015furarea, p\u00e2n\u0103 \u00een 2020, unui program de investi\u0163ii \u00een valoare de 4,4 mil. USD pentru reconstruirea zonelor umede din lungul fluviului, \u00een Austria, Ungaria, Croa\u0163ia, Serbia, Bulgaria \u015fi Rom\u00e2nia.<\/p>\n","protected":false},"excerpt":{"rendered":"<p>Post Views = 500Castelul Corvinilor certificat de TripAdvisor Castelul Corvinilor din Hunedoara se num\u0103r\u0103 printre primele cinci destina\u0163ii de vacan\u0163\u0103 din Rom\u00e2nia, conform portalul turistic TripAdvisor. Topul a fost realizat pe baza voturilor primite din partea turi\u015ftilor care au vizitat &hellip; <a href=\"http:\/\/www.travellermagazin.ro\/arhiva\/2015\/01\/27\/castelul-corvinilor-certificat-de-tripadvisor-evenimente-nr-128\/\">Continu\u0103 s\u0103 cite\u0219ti <span class=\"meta-nav\">&rarr;<\/span><\/a><\/p>\n","protected":false},"author":1,"featured_media":0,"comment_status":"open","ping_status":"open","sticky":false,"template":"","format":"gallery","meta":{"footnotes":""},"categories":[19,908],"tags":[924,920,919,927,921,923,922,925,926],"class_list":["post-3402","post","type-post","status-publish","format-gallery","hentry","category-evenimente","category-numarul-128","tag-81-de-artisti-la-palat","tag-austria-cocktailuri-si-aventuri-albe","tag-castelul-corvinilor-certificat-de-tripadvisor","tag-cluster-pe-turism-balnear","tag-o-saptamana-la-munte","tag-peste-ca-la-mila-23","tag-praid-se-face-mare","tag-proiectul-adventure-park","tag-vinul-face-casa-buna-cu-turismul","post_format-post-format-gallery"],"_links":{"self":[{"href":"http:\/\/www.travellermagazin.ro\/arhiva\/wp-json\/wp\/v2\/posts\/3402","targetHints":{"allow":["GET"]}}],"collection":[{"href":"http:\/\/www.travellermagazin.ro\/arhiva\/wp-json\/wp\/v2\/posts"}],"about":[{"href":"http:\/\/www.travellermagazin.ro\/arhiva\/wp-json\/wp\/v2\/types\/post"}],"author":[{"embeddable":true,"href":"http:\/\/www.travellermagazin.ro\/arhiva\/wp-json\/wp\/v2\/users\/1"}],"replies":[{"embeddable":true,"href":"http:\/\/www.travellermagazin.ro\/arhiva\/wp-json\/wp\/v2\/comments?post=3402"}],"version-history":[{"count":1,"href":"http:\/\/www.travellermagazin.ro\/arhiva\/wp-json\/wp\/v2\/posts\/3402\/revisions"}],"predecessor-version":[{"id":3410,"href":"http:\/\/www.travellermagazin.ro\/arhiva\/wp-json\/wp\/v2\/posts\/3402\/revisions\/3410"}],"wp:attachment":[{"href":"http:\/\/www.travellermagazin.ro\/arhiva\/wp-json\/wp\/v2\/media?parent=3402"}],"wp:term":[{"taxonomy":"category","embeddable":true,"href":"http:\/\/www.travellermagazin.ro\/arhiva\/wp-json\/wp\/v2\/categories?post=3402"},{"taxonomy":"post_tag","embeddable":true,"href":"http:\/\/www.travellermagazin.ro\/arhiva\/wp-json\/wp\/v2\/tags?post=3402"}],"curies":[{"name":"wp","href":"https:\/\/api.w.org\/{rel}","templated":true}]}}