{"id":1833,"date":"2013-02-06T03:26:00","date_gmt":"2013-02-06T01:26:00","guid":{"rendered":"http:\/\/www.travellermagazin.ro\/arhiva\/?p=1833"},"modified":"2013-02-06T03:26:00","modified_gmt":"2013-02-06T01:26:00","slug":"90-de-ani-de-la-primul-zbor-transporturi-nr-105","status":"publish","type":"post","link":"http:\/\/www.travellermagazin.ro\/arhiva\/2013\/02\/06\/90-de-ani-de-la-primul-zbor-transporturi-nr-105\/","title":{"rendered":"90 de ani de la primul zbor, TRANSPORTURI nr. 105"},"content":{"rendered":"<a  href='http:\/\/www.travellermagazin.ro\/arhiva\/wp-admin\/options-general.php?page=post_views' class='entry-meta' style='text-align:center'><b>Post Views<\/a><\/b> = 533<br\/><p><strong>90 DE ANI DE LA PRIMUL ZBOR<\/strong><\/p>\n<p align=\"justify\">Companiile Air France \u015fi TAROM au aniversat 90 de ani de la primul zbor pe ruta Praga \u2013 Var\u015fovia \u2013 Viena \u2013 Budapesta \u2013 Belgrad \u2013 Bucure\u015fti (B\u0103neasa) -Istanbul, realizat de Compania Franco-Rom\u00e2n\u0103 de Naviga\u0163ie Aerian\u0103, precursoarea TAROM \u015fi Air France.<br \/>\n<a href=\"http:\/\/www.travellermagazin.ro\/arhiva\/wp-content\/uploads\/2013\/02\/Tarom-sky-team.jpg\"><img loading=\"lazy\" decoding=\"async\" class=\"alignnone size-full wp-image-1834\" title=\"Tarom sky team\" src=\"http:\/\/www.travellermagazin.ro\/arhiva\/wp-content\/uploads\/2013\/02\/Tarom-sky-team.jpg\" alt=\"\" width=\"1050\" height=\"1575\" srcset=\"http:\/\/www.travellermagazin.ro\/arhiva\/wp-content\/uploads\/2013\/02\/Tarom-sky-team.jpg 1050w, http:\/\/www.travellermagazin.ro\/arhiva\/wp-content\/uploads\/2013\/02\/Tarom-sky-team-200x300.jpg 200w, http:\/\/www.travellermagazin.ro\/arhiva\/wp-content\/uploads\/2013\/02\/Tarom-sky-team-682x1024.jpg 682w\" sizes=\"auto, (max-width: 1050px) 100vw, 1050px\" \/><\/a><br \/>\nIdeea \u00eenfiin\u0163\u0103rii unei rute aeriene \u00eentre Paris \u015fi Bucure\u015fti a fost sugerata \u00een 1920, de diplomatul Nicolae Titulescu omologului s\u0103u francez, generalul Maurice Duval. Pe 23 aprilie 1920 era fondat\u0103 Compania Franco-Rom\u00e2na de Naviga\u0163ie Aerian\u0103, prima firm\u0103 mondial\u0103 de transport aerian transcontinental de pasageri, m\u0103rfuri \u015fi po\u015ft\u0103. Ini\u0163iativa a\u00a0 apar\u0163inut contelui Pierre Claret de Fleurieu \u015fi bancherului rom\u00e2n Aristide Blank. CFRNA a inaugurat pe 12 noiembrie 1922 prima rut\u0103 aerian\u0103 transcontinental\u0103 de pasageri Paris -Strasbourg \u2013 Praga \u2013 Var\u015fovia \u2013 Viena \u2013 Budapesta \u2013 Belgrad \u2013 Bucure\u015fti (B\u0103neasa) \u2013 Istanbul, iar la 10 septembrie 1923 primul zbor interna\u0163ional regulat de pasageri, pe timp de noapte. Tradi\u0163ia CFRNA este continuat\u0103 azi de companiile Air France \u015fi TAROM, partenere \u00een Alian\u0163a\u00a0 SkyTeam.<br \/>\n<a href=\"http:\/\/www.travellermagazin.ro\/arhiva\/wp-content\/uploads\/2013\/02\/Vizante-primul-zbor.jpg\"><img loading=\"lazy\" decoding=\"async\" class=\"alignnone size-full wp-image-1835\" title=\"Vizante primul zbor\" src=\"http:\/\/www.travellermagazin.ro\/arhiva\/wp-content\/uploads\/2013\/02\/Vizante-primul-zbor.jpg\" alt=\"\" width=\"843\" height=\"1181\" srcset=\"http:\/\/www.travellermagazin.ro\/arhiva\/wp-content\/uploads\/2013\/02\/Vizante-primul-zbor.jpg 843w, http:\/\/www.travellermagazin.ro\/arhiva\/wp-content\/uploads\/2013\/02\/Vizante-primul-zbor-214x300.jpg 214w, http:\/\/www.travellermagazin.ro\/arhiva\/wp-content\/uploads\/2013\/02\/Vizante-primul-zbor-730x1024.jpg 730w\" sizes=\"auto, (max-width: 843px) 100vw, 843px\" \/><\/a><\/p>\n<p align=\"justify\"><strong>UN AS REG\u0102SIT<\/strong><\/p>\n<p align=\"justify\">\u00a0Asocia\u0163ia \u201eAripi Rom\u00e2ne\u015fti\u201d \u015fi Muzeul Militar \u00eempreun\u0103 cu\u00a0 Muzeul Militar Na\u0163ional \u201eRegele Ferdinand I\u201d au readus \u00een prim plan personalitatea lui Dan Valentin Vizanty. Cele dou\u0103 institu\u0163ii au promovat o expozi\u0163ie comemorativ\u0103 de fotografie prin care au marcat \u00eemplinirea a 20 de ani de la ultima \u201edecolare\u201d a\u00a0 pilotului Dan-Valentin Vizanty. Machetele prezentate au fost create de Adrian Roman, Valeriu Vi\u015fan \u015fi Cristian Marin. Dan-Valentin Vizanty (n\u0103scut \u00een 1910 \u015fi stins din via\u0163\u0103 la Paris \u00een 1992), a fost pilot de v\u00e2n\u0103toare, comandant de escadril\u0103 \u015fi de grup cu gradul de lt. comandor aviator; a comandat Escadrila 43 V\u00e2n\u0103toare PZL-11F \u00eentre iunie 1941 \u015fi august 1942; iar \u00eentre 1 august 1943 \u015fi 23 august 1944 a fost comandantul Grupului 6 V\u00e2n\u0103toare (IAR-80) ce avea ca misiune ap\u0103rarea Bucure\u015ftiului \u015fi a zonei petroliere Ploie\u015fti, \u00een timpul bombardamentelor anglo-americane. Pentru faptele sale Vizanty a primit Ordinul Mihai Viteazul acordat de Regele Mihai.<\/p>\n","protected":false},"excerpt":{"rendered":"<p>Post Views = 53390 DE ANI DE LA PRIMUL ZBOR Companiile Air France \u015fi TAROM au aniversat 90 de ani de la primul zbor pe ruta Praga \u2013 Var\u015fovia \u2013 Viena \u2013 Budapesta \u2013 Belgrad \u2013 Bucure\u015fti (B\u0103neasa) -Istanbul, realizat &hellip; <a href=\"http:\/\/www.travellermagazin.ro\/arhiva\/2013\/02\/06\/90-de-ani-de-la-primul-zbor-transporturi-nr-105\/\">Continu\u0103 s\u0103 cite\u0219ti <span class=\"meta-nav\">&rarr;<\/span><\/a><\/p>\n","protected":false},"author":1,"featured_media":1834,"comment_status":"open","ping_status":"open","sticky":false,"template":"","format":"gallery","meta":{"footnotes":""},"categories":[304,24],"tags":[316,318,317],"class_list":["post-1833","post","type-post","status-publish","format-gallery","has-post-thumbnail","hentry","category-numarul-105","category-transporturi","tag-90-de-ani-de-la-primul-zbor","tag-companiile-air-france-si-tarom","tag-transporturi-nr-105","post_format-post-format-gallery"],"_links":{"self":[{"href":"http:\/\/www.travellermagazin.ro\/arhiva\/wp-json\/wp\/v2\/posts\/1833","targetHints":{"allow":["GET"]}}],"collection":[{"href":"http:\/\/www.travellermagazin.ro\/arhiva\/wp-json\/wp\/v2\/posts"}],"about":[{"href":"http:\/\/www.travellermagazin.ro\/arhiva\/wp-json\/wp\/v2\/types\/post"}],"author":[{"embeddable":true,"href":"http:\/\/www.travellermagazin.ro\/arhiva\/wp-json\/wp\/v2\/users\/1"}],"replies":[{"embeddable":true,"href":"http:\/\/www.travellermagazin.ro\/arhiva\/wp-json\/wp\/v2\/comments?post=1833"}],"version-history":[{"count":1,"href":"http:\/\/www.travellermagazin.ro\/arhiva\/wp-json\/wp\/v2\/posts\/1833\/revisions"}],"predecessor-version":[{"id":1836,"href":"http:\/\/www.travellermagazin.ro\/arhiva\/wp-json\/wp\/v2\/posts\/1833\/revisions\/1836"}],"wp:featuredmedia":[{"embeddable":true,"href":"http:\/\/www.travellermagazin.ro\/arhiva\/wp-json\/wp\/v2\/media\/1834"}],"wp:attachment":[{"href":"http:\/\/www.travellermagazin.ro\/arhiva\/wp-json\/wp\/v2\/media?parent=1833"}],"wp:term":[{"taxonomy":"category","embeddable":true,"href":"http:\/\/www.travellermagazin.ro\/arhiva\/wp-json\/wp\/v2\/categories?post=1833"},{"taxonomy":"post_tag","embeddable":true,"href":"http:\/\/www.travellermagazin.ro\/arhiva\/wp-json\/wp\/v2\/tags?post=1833"}],"curies":[{"name":"wp","href":"https:\/\/api.w.org\/{rel}","templated":true}]}}