{"id":1826,"date":"2013-02-06T03:22:50","date_gmt":"2013-02-06T01:22:50","guid":{"rendered":"http:\/\/www.travellermagazin.ro\/arhiva\/?p=1826"},"modified":"2013-02-06T03:22:50","modified_gmt":"2013-02-06T01:22:50","slug":"ion-gruia-fizioterapia-integrativa-de-la-herculane-e-un-proiect-ambitios-interviu-nr-105","status":"publish","type":"post","link":"http:\/\/www.travellermagazin.ro\/arhiva\/2013\/02\/06\/ion-gruia-fizioterapia-integrativa-de-la-herculane-e-un-proiect-ambitios-interviu-nr-105\/","title":{"rendered":"ION GRUIA: \u201eFizioterapia Integrativ\u0103 de la Herculane e un proiect ambi\u0163ios !\u201d, INTERVIU nr.105"},"content":{"rendered":"<a  href='http:\/\/www.travellermagazin.ro\/arhiva\/wp-admin\/options-general.php?page=post_views' class='entry-meta' style='text-align:center'><b>Post Views<\/a><\/b> = 880<br\/><p align=\"justify\"><strong>ION GRUIA: \u201eFizioterapia Integrativ\u0103 de la Herculane e un proiect ambi\u0163ios !\u201d<\/strong><\/p>\n<p align=\"justify\">Poate fi relansat turismul medical \u00een sta\u0163iunile balneare? Profesorul Ion Gruia, care a revenit la B\u0103ile Herculane la 59 de ani ofer\u0103 un r\u0103spuns concret \u015fi pozitiv prin crearea <strong>Centrului\u00a0 de Tratament \u015fi Institutul de Fizioterapie Integrativ\u0103<\/strong> din acest ora\u015f. Domnia sa, un specialist de renume european \u00een domeniul kinetoterapiei, colaboreaz\u0103 de ani de zile cu institu\u0163ii medicale renumite din Europa \u015fi SUA.<br \/>\n<a href=\"http:\/\/www.travellermagazin.ro\/arhiva\/wp-content\/uploads\/2013\/02\/aspecte-din-timpul-cursului-de-pregatire-teoretica.jpg\"><img loading=\"lazy\" decoding=\"async\" class=\"alignnone size-full wp-image-1827\" title=\"aspecte din timpul cursului de pregatire teoretica\" src=\"http:\/\/www.travellermagazin.ro\/arhiva\/wp-content\/uploads\/2013\/02\/aspecte-din-timpul-cursului-de-pregatire-teoretica.jpg\" alt=\"\" width=\"1024\" height=\"680\" srcset=\"http:\/\/www.travellermagazin.ro\/arhiva\/wp-content\/uploads\/2013\/02\/aspecte-din-timpul-cursului-de-pregatire-teoretica.jpg 1024w, http:\/\/www.travellermagazin.ro\/arhiva\/wp-content\/uploads\/2013\/02\/aspecte-din-timpul-cursului-de-pregatire-teoretica-300x199.jpg 300w\" sizes=\"auto, (max-width: 1024px) 100vw, 1024px\" \/><\/a><\/p>\n<p>La una din \u00eent\u00e2lnirile cu comunitatea local\u0103 din sta\u0163iunea B\u0103ile Herculane, Nic \u0162ar\u0103lung\u0103, Coordonatorul Na\u0163ional al echipei interna\u0163ionale de exper\u0163i PNUD care a lucrat la Planului Integrat de Dezvoltare Urban\u0103, sublinia c\u0103 unul din elementele esen\u0163iale ale dezvolt\u0103rii turistice a sta\u0163iunii este formarea resurselor umane \u015fi \u00een special a acelora implicate \u00een sectorul medical. Un adev\u0103rat \u201eproiect ancor\u0103\u201d, este \u201eCentru de tratament \u015fi Institut de Fizioterpie Integrativ\u0103 la B\u0103ile Herculane\u201d, dezvoltat de profesorul de kinetoterapie, Ion Gruia.<br \/>\n<a href=\"http:\/\/www.travellermagazin.ro\/arhiva\/wp-content\/uploads\/2013\/02\/aspecte-din-timpul-pregatirii-practice-a-cursantilor.jpg\"><img loading=\"lazy\" decoding=\"async\" class=\"alignnone size-full wp-image-1828\" title=\"aspecte din timpul pregatirii practice a cursantilor\" src=\"http:\/\/www.travellermagazin.ro\/arhiva\/wp-content\/uploads\/2013\/02\/aspecte-din-timpul-pregatirii-practice-a-cursantilor.jpg\" alt=\"\" width=\"1024\" height=\"680\" srcset=\"http:\/\/www.travellermagazin.ro\/arhiva\/wp-content\/uploads\/2013\/02\/aspecte-din-timpul-pregatirii-practice-a-cursantilor.jpg 1024w, http:\/\/www.travellermagazin.ro\/arhiva\/wp-content\/uploads\/2013\/02\/aspecte-din-timpul-pregatirii-practice-a-cursantilor-300x199.jpg 300w\" sizes=\"auto, (max-width: 1024px) 100vw, 1024px\" \/><\/a><\/p>\n<p><strong>Profesorul Gruia a revenit la 59 de ani, la B\u0103ile Herculane<\/strong>, unde s-a confruntat, de-a lungul celor 12 ani \u00een care a activat dup\u0103 terminarea facult\u0103\u0163ii, cu o cazuistic\u0103 divers\u0103 \u015fi complex\u0103. \u00cen sta\u0163iunea de pe Valea Cernei, de care se simte foarte legat, a \u00eenceput s\u0103-\u015fi pun\u0103 \u00een aplicare cuno\u015ftin\u0163ele de specialitate \u015fi experien\u0163a acumulate \u00een marile \u015fcoli \u015fi clinici europene. Ion Gruia ne expune succint proiectul s\u0103u estimat la o valoare final\u0103 de 1,5 milioane de euro: \u201ePrincipalele componente sunt cea terapeutic\u0103 \u015fi didactic\u0103. Proiectul se va derula pe etape. <strong>Am \u00eenceput deja partea didactic\u0103 prin sus\u0163inerea cursurilor de perfec\u0163ionare pentru fizioterapeu\u0163i \u015fi formarea de speciali\u015fti \u00een domeniul Fizioterapiei Integrative.<\/strong> \u00cen urm\u0103toarea etap\u0103, proiectul prevede construirea unui sediu propriu pentru func\u0163ionarea unui Centru de tratament cu terapii balneo-fizio-integrative, artistice etc. \u00cen continuare, se vor desf\u0103\u015fura cursuri de formare \u015fi se vor organiza tabere artistice. Se va amenaja un parc de relaxare, se va deschide un restaurant cu produse alimentare de la ferme bio, stimul\u00e2nd apari\u0163ia de ferme ecologice \u00een zon\u0103. Prin atragerea \u00een acest proiect \u015fi a altor hoteluri sau pensiuni din sta\u0163iune care s\u0103 ofere produse alimentare bio-dinamice, aceast\u0103 activitate poate deveni profitabil\u0103, de sine st\u0103t\u0103toare \u015fi cu influen\u0163e pozitive asupra via\u0163a locuitorilor din zon\u0103. Prin implementarea noului concept terapeutic de Fizioterapie Integrativ\u0103 la B\u0103ile Herculane avem \u00een vedere \u00een\u0163elegerea \u015fi tratarea fiin\u0163ei umane \u00een integralitatea sa: <em>Trup, Suflet <\/em>\u015fi <em>Spirit<\/em>. Valorile lui\u00a0 conduc la o nou\u0103 abordare a st\u0103rii de s\u0103n\u0103tate \u015fi boal\u0103. Doar astfel privind fiin\u0163a uman\u0103, ca o unitate biologic\u0103 dinamic\u0103 \u015fi complex\u0103, putem \u00een\u0163elege, c\u0103 starea sa de s\u0103n\u0103tate depinde de fiecare dintre aceste p\u0103r\u0163i componente \u015fi de raporturile func\u0163ionale dintre ele. Conceptul fizioterapeutic integrativ\u00a0 reprezint\u0103 viitorul\u00a0 fizioterapiei \u015fi corespunde unei con\u015ftiin\u0163e umane moderne, \u00een raport cu starea de s\u0103n\u0103tate \u015fi boal\u0103\u201d &#8211; ne preciza Ion Gruia.<br \/>\n<a href=\"http:\/\/www.travellermagazin.ro\/arhiva\/wp-content\/uploads\/2013\/02\/Fr.Th_.Rht-027.jpg\"><img loading=\"lazy\" decoding=\"async\" class=\"alignnone size-full wp-image-1829\" title=\"Fr.Th.Rht 027\" src=\"http:\/\/www.travellermagazin.ro\/arhiva\/wp-content\/uploads\/2013\/02\/Fr.Th_.Rht-027.jpg\" alt=\"\" width=\"1024\" height=\"680\" srcset=\"http:\/\/www.travellermagazin.ro\/arhiva\/wp-content\/uploads\/2013\/02\/Fr.Th_.Rht-027.jpg 1024w, http:\/\/www.travellermagazin.ro\/arhiva\/wp-content\/uploads\/2013\/02\/Fr.Th_.Rht-027-300x199.jpg 300w\" sizes=\"auto, (max-width: 1024px) 100vw, 1024px\" \/><\/a><\/p>\n<p>M\u0103 g\u00e2ndesc la anii 70 \u2013 80 c\u00e2nd B\u0103ile Herculane devenise un centru pilot de cercet\u0103ri \u015ftiin\u0163ifice cu o adev\u0103rat\u0103 \u015fcoal\u0103 de medicin\u0103 creat\u0103 aici care atr\u0103gea turi\u015fti din toate col\u0163urile Europei la tratament, odihn\u0103 \u015fi relaxare. \u201ePrin noile terapii, \u00een B\u0103ile Herculane va fi tratat\u0103 o cazuistic\u0103 mult mai divers\u0103 dec\u00e2t \u00een prezent iar\u00a0factorii curativi vor fi folosi\u0163i \u00een tratarea unor afec\u0163iuni care n-au mai fost tratate p\u00e2n\u0103 acum \u00een\u00a0sta\u0163iune. Vom colabora cu profesori formatori de renume de la institute \u015fi clinici medicale din Europa \u015fi SUA: dintre ace\u015ftia \u00eei\u00a0 men\u0163ionez pe Elmar Einsch\u03cbtz Ecker\u2013 conduc\u0103torul sec\u0163iei de fizioterapie de la <em>Lukas Klinik<\/em>, Arlesheim, Elve\u0163ia, Wolfgang Linnigh\u00e4user \u2013 formator la <em>Margarethe Hauschka-Schule<\/em>, Bad Boll, Germania, Jaimen Aimen McMillan &#8211; fondatorul Spacial Dynamics \u015fi directorul <em>Spacial Dynamics Institute\u201d &#8211; mai subliniaz\u0103 profesorul Ion Gruia referitor la beneficiile aduse sta\u0163iunii B\u0103ile Herculane de proiectul s\u0103u.<\/em><br \/>\n<a href=\"http:\/\/www.travellermagazin.ro\/arhiva\/wp-content\/uploads\/2013\/02\/Prof.-Ion-Gruia-in-timpul-predarii-practice-a-modului-dde-Masaj-ritmic.jpg\"><img loading=\"lazy\" decoding=\"async\" class=\"alignnone size-full wp-image-1830\" title=\"Prof. Ion Gruia in timpul predarii practice a modului dde Masaj ritmic\" src=\"http:\/\/www.travellermagazin.ro\/arhiva\/wp-content\/uploads\/2013\/02\/Prof.-Ion-Gruia-in-timpul-predarii-practice-a-modului-dde-Masaj-ritmic.jpg\" alt=\"\" width=\"1024\" height=\"680\" srcset=\"http:\/\/www.travellermagazin.ro\/arhiva\/wp-content\/uploads\/2013\/02\/Prof.-Ion-Gruia-in-timpul-predarii-practice-a-modului-dde-Masaj-ritmic.jpg 1024w, http:\/\/www.travellermagazin.ro\/arhiva\/wp-content\/uploads\/2013\/02\/Prof.-Ion-Gruia-in-timpul-predarii-practice-a-modului-dde-Masaj-ritmic-300x199.jpg 300w\" sizes=\"auto, (max-width: 1024px) 100vw, 1024px\" \/><\/a><\/p>\n<p><em>Am asistat la prima \u015fedin\u0163\u0103 de preg\u0103tire teoretic\u0103 \u015fi practic\u0103 din cadrul\u00a0\u00a0 Institut de fizioterapie integrativ\u0103, recent \u00eenfiin\u0163at la B\u0103ile Herculane. Speciali\u015fti \u00een kinetoterapie din toat\u0103 \u0163ara (Ia\u015fi, Bucure\u015fti, Videle, Timi\u015foara, Or\u015fova, etc.),\u00a0 s-au reunit la cursurile acestui institut unic \u00een \u0163ar\u0103. Doi dintre ei ne-au \u00eemp\u0103rt\u0103\u015fit o parte din experien\u0163ele acumulate. \u201eDe trei ani particip la cursurile \u0163inute de profesorul Ion Gruia la Bucure\u015fti, doi ani am lucrat \u015fi \u00een Fran\u0163a la un centru de reeduc\u0103ri func\u0163ionale. La un moment dat am avut o pacient\u0103 cu Parkinson pentru care am folosit unele tehnici \u00eenv\u0103\u0163ate la cursul domnului Ion Gruia.\u00a0 La vizita medical\u0103 prin care se controla starea clientei s-a constatat rezultatele foarte bune ob\u0163inute. Medicii, apreciind mobilitatea \u015fi forma de s\u0103n\u0103tate bune ale pacientei s-au ar\u0103tat interesa\u0163i de tehnicile terapeutice folosite. Ini\u0163iativa de inaugura acest Institut de fizioterapie Integrativ\u0103 la B\u0103ile Herculane, este binevenit\u0103 \u015fi inten\u0163ionez s\u0103 urmez toate modulele specializate ce vor urma\u201d \u2013 ne spune Sardaru Drago\u015f din Ia\u015fi. La r\u00e2ndul ei <\/em>Simona Ispir din Or\u015fova se arat\u0103 \u00eenc\u00e2ntat\u0103 de calitatea informa\u0163iilor primite: \u201eSunt kinetoterapeut, am terminat facultatea acum doi ani \u015fi am a\u015fteptat cu ner\u0103bdare acest curs, despre care am auzit c\u0103 aduce elemente noi \u00een fizioterapie. Voi participa la toate modulele institutului. Ideea de a crea Institutul de Fizioterapie Integrativ\u0103 la B\u0103ile Herculane este extraordinar\u0103, \u015fi cred c\u0103 va fi apreciat\u0103 de toat\u0103 lumea, fiind vorba despre un concept nou \u00een Rom\u00e2nia.\u201d<\/p>\n<p align=\"justify\"><strong>DORIN B\u0102LTEANU<\/strong><\/p>\n","protected":false},"excerpt":{"rendered":"<p>Post Views = 880ION GRUIA: \u201eFizioterapia Integrativ\u0103 de la Herculane e un proiect ambi\u0163ios !\u201d Poate fi relansat turismul medical \u00een sta\u0163iunile balneare? Profesorul Ion Gruia, care a revenit la B\u0103ile Herculane la 59 de ani ofer\u0103 un r\u0103spuns concret &hellip; <a href=\"http:\/\/www.travellermagazin.ro\/arhiva\/2013\/02\/06\/ion-gruia-fizioterapia-integrativa-de-la-herculane-e-un-proiect-ambitios-interviu-nr-105\/\">Continu\u0103 s\u0103 cite\u0219ti <span class=\"meta-nav\">&rarr;<\/span><\/a><\/p>\n","protected":false},"author":1,"featured_media":1829,"comment_status":"open","ping_status":"open","sticky":false,"template":"","format":"gallery","meta":{"footnotes":""},"categories":[27,304],"tags":[289,315,49,314],"class_list":["post-1826","post","type-post","status-publish","format-gallery","has-post-thumbnail","hentry","category-interviuri","category-numarul-105","tag-baile-herculane","tag-fizioterapia-integrativa-de-la-herculane-e-un-proiect-ambitios","tag-interviu","tag-interviu-ion-gruia","post_format-post-format-gallery"],"_links":{"self":[{"href":"http:\/\/www.travellermagazin.ro\/arhiva\/wp-json\/wp\/v2\/posts\/1826","targetHints":{"allow":["GET"]}}],"collection":[{"href":"http:\/\/www.travellermagazin.ro\/arhiva\/wp-json\/wp\/v2\/posts"}],"about":[{"href":"http:\/\/www.travellermagazin.ro\/arhiva\/wp-json\/wp\/v2\/types\/post"}],"author":[{"embeddable":true,"href":"http:\/\/www.travellermagazin.ro\/arhiva\/wp-json\/wp\/v2\/users\/1"}],"replies":[{"embeddable":true,"href":"http:\/\/www.travellermagazin.ro\/arhiva\/wp-json\/wp\/v2\/comments?post=1826"}],"version-history":[{"count":1,"href":"http:\/\/www.travellermagazin.ro\/arhiva\/wp-json\/wp\/v2\/posts\/1826\/revisions"}],"predecessor-version":[{"id":1831,"href":"http:\/\/www.travellermagazin.ro\/arhiva\/wp-json\/wp\/v2\/posts\/1826\/revisions\/1831"}],"wp:featuredmedia":[{"embeddable":true,"href":"http:\/\/www.travellermagazin.ro\/arhiva\/wp-json\/wp\/v2\/media\/1829"}],"wp:attachment":[{"href":"http:\/\/www.travellermagazin.ro\/arhiva\/wp-json\/wp\/v2\/media?parent=1826"}],"wp:term":[{"taxonomy":"category","embeddable":true,"href":"http:\/\/www.travellermagazin.ro\/arhiva\/wp-json\/wp\/v2\/categories?post=1826"},{"taxonomy":"post_tag","embeddable":true,"href":"http:\/\/www.travellermagazin.ro\/arhiva\/wp-json\/wp\/v2\/tags?post=1826"}],"curies":[{"name":"wp","href":"https:\/\/api.w.org\/{rel}","templated":true}]}}